{"id":4407,"date":"2022-10-27T12:11:10","date_gmt":"2022-10-27T10:11:10","guid":{"rendered":"https:\/\/agora.xtec.cat\/ceipturodeguiera\/?p=4407"},"modified":"2023-01-07T20:39:38","modified_gmt":"2023-01-07T19:39:38","slug":"sentim-laire","status":"publish","type":"post","link":"https:\/\/agora.xtec.cat\/ceipturodeguiera\/general\/sentim-laire\/","title":{"rendered":"SENTIM L&#8217;AIRE"},"content":{"rendered":"<p style=\"text-align: center;\"><strong><span style=\"color: #00ffff; font-size: 14pt; font-family: 'comic sans ms', sans-serif;\">L&#8217;AIRE , QUINA EXPERI\u00c8NCIA!<\/span><\/strong><\/p>\n<p><span style=\"color: #3366ff; font-family: comic sans ms, sans-serif;\"><span style=\"font-size: 24px;\"><b><a href=\"https:\/\/agora.xtec.cat\/ceipturodeguiera\/wp-content\/uploads\/usu2627\/2022\/10\/excursio.jpg\"><img loading=\"lazy\" decoding=\"async\" class=\"wp-image-4409 aligncenter\" src=\"https:\/\/agora.xtec.cat\/ceipturodeguiera\/wp-content\/uploads\/usu2627\/2022\/10\/excursio-1024x768.jpg\" alt=\"\" width=\"459\" height=\"345\" srcset=\"https:\/\/agora.xtec.cat\/ceipturodeguiera\/wp-content\/uploads\/usu2627\/2022\/10\/excursio-1024x768.jpg 1024w, https:\/\/agora.xtec.cat\/ceipturodeguiera\/wp-content\/uploads\/usu2627\/2022\/10\/excursio-300x225.jpg 300w, https:\/\/agora.xtec.cat\/ceipturodeguiera\/wp-content\/uploads\/usu2627\/2022\/10\/excursio-768x576.jpg 768w, https:\/\/agora.xtec.cat\/ceipturodeguiera\/wp-content\/uploads\/usu2627\/2022\/10\/excursio-1536x1152.jpg 1536w, https:\/\/agora.xtec.cat\/ceipturodeguiera\/wp-content\/uploads\/usu2627\/2022\/10\/excursio-200x150.jpg 200w, https:\/\/agora.xtec.cat\/ceipturodeguiera\/wp-content\/uploads\/usu2627\/2022\/10\/excursio.jpg 1672w\" sizes=\"auto, (max-width: 459px) 100vw, 459px\" \/><\/a><\/b><\/span><\/span><\/p>\n<p><span style=\"font-weight: 400;\">\u00a0<span style=\"font-family: 'comic sans ms', sans-serif;\">\u201cAbans de fer la sortida, subestimava l\u2019aire per\u00f2, despr\u00e9s d\u2019haver viscut aquesta experi\u00e8ncia, he notat que l\u2019aire t\u00e9 molta hist\u00f2ria!\u201d<\/span><\/span><\/p>\n<p style=\"text-align: right;\"><em><strong><span style=\"font-family: 'comic sans ms', sans-serif;\">Oriol<\/span><\/strong><\/em><\/p>\n<p style=\"text-align: center;\"><span style=\"font-size: 14pt; font-family: 'comic sans ms', sans-serif;\"><strong><span style=\"color: #993366;\">L&#8217;AIRE I LES SENSACIONS<\/span><\/strong><\/span><\/p>\n<p><span style=\"font-size: 12pt; font-family: 'comic sans ms', sans-serif;\"><span style=\"font-weight: 400;\">Dimarts 25\/10\/2022 el grup &#8220;Aire m\u00e0gic&#8221; he<\/span>m fet una petita sortida per la tarda. Hem anat prop de Collserola per sentir i experimentar l &#8216;aire. El recorregut d&#8217;anada va ser molt tranquil, ens par\u00e0vem, de tant en tant, per anar sentint l\u2019aire.<\/span><\/p>\n<p><span style=\"font-size: 12pt;\"><span style=\"font-weight: 400; font-family: 'comic sans ms', sans-serif;\">\u00a0Quan hem arribat, la nostra tutora ,la S\u00f2nia, ens ha indicat qu\u00e8 fer: quan ella digu\u00e9s ja, haur\u00edem de buscar un lloc apartat dels nostres companys-es i seure o estirar-nos per sentir l\u2019aire. Hem estat una estona aix\u00ed. Despr\u00e9s, ens hav\u00edem de posar a c\u00f3rrer per la zona (sense empentar a ning\u00fa, clar!) i hem experimentat diferents sensacions de l&#8217;aire i ens hem parat per respirar. <\/span><span style=\"font-weight: 400; font-family: 'comic sans ms', sans-serif;\">Aix\u00f2 ho hem fet unes quantes vegades i hem tingut una estona per connectar amb l&#8217;aire i el vent.<\/span><\/span><\/p>\n<p><span style=\"font-weight: 400; font-size: 12pt; font-family: 'comic sans ms', sans-serif;\">Per acabar,\u00a0 hem fet \u00a0 rotllana i hem recollit unes preguntes que hav\u00edem de resoldre al llarg de la sortida i activitats: sensacions, canvis, emocions, descobriments..\u00a0<\/span><\/p>\n<p><span style=\"font-weight: 400; font-size: 12pt; font-family: 'comic sans ms', sans-serif;\">La sortida ha estat\u00a0 molt relaxant i divertida, i hem apr\u00e8s\u00a0 molt!! L&#8217;aire \u00e9s m\u00e0gic!!<\/span><\/p>\n<p style=\"text-align: right;\"><span style=\"font-weight: 400;\"><span style=\"font-size: 12pt;\">.\u00a0 \u00a0 \u00a0 \u00a0 \u00a0 \u00a0 \u00a0 \u00a0 \u00a0 \u00a0 \u00a0 \u00a0 \u00a0 \u00a0 \u00a0 \u00a0 \u00a0 \u00a0 \u00a0 \u00a0 \u00a0 \u00a0 \u00a0 \u00a0 \u00a0 \u00a0 \u00a0 \u00a0 \u00a0 \u00a0 \u00a0 \u00a0 \u00a0 \u00a0 \u00a0 \u00a0 \u00a0 \u00a0 \u00a0 \u00a0 \u00a0 \u00a0 \u00a0 \u00a0 \u00a0 \u00a0 \u00a0 \u00a0 \u00a0 \u00a0 \u00a0 \u00a0 \u00a0 \u00a0 \u00a0 \u00a0 \u00a0 \u00a0 \u00a0 \u00a0 \u00a0<\/span> \u00a0 \u00a0 \u00a0 \u00a0 \u00a0 \u00a0 \u00a0 \u00a0 \u00a0 \u00a0 \u00a0 \u00a0<em><span style=\"font-family: 'comic sans ms', sans-serif;\"><strong> \u00a0MARTINA<\/strong><\/span><\/em><\/span><\/p>\n<p style=\"text-align: center;\"><span style=\"color: #3366ff; font-family: comic sans ms, sans-serif;\"><span style=\"font-size: 24px;\"><b>EXCURSI\u00d3: SENTIM L&#8217;AIRE!<\/b><\/span><\/span><\/p>\n<p><span style=\"font-family: 'comic sans ms', sans-serif;\"><span style=\"font-weight: 400;\">El Dimarts 25, a la tarda, la classe de 6\u00e9B (que ens diem Aire M\u00e0gic) hem anat a la riera de Sant Cugat.<\/span><\/span><\/p>\n<p><span style=\"font-family: 'comic sans ms', sans-serif;\"><span style=\"font-weight: 400;\">All\u00e0 hem fet una activitat per notar i sentir l\u2019aire.<\/span><\/span><\/p>\n<p><span style=\"font-family: 'comic sans ms', sans-serif;\"><span style=\"font-weight: 400;\">Primer tots ens hem situat a diferents punts, e hem tancat els ulls per fer diferents respiracions i per relaxar-nos agafant i traient aire. Despr\u00e9s d\u2019una bona estona, ens hem\u00a0 posat a c\u00f3rrer per notar si l\u2019aire ens donava amb m\u00e9s o menys intensitat.<\/span><\/span><\/p>\n<p><span style=\"font-family: 'comic sans ms', sans-serif;\"><span style=\"font-weight: 400;\">Quan la S\u00f2nia, ens avisava , hav\u00edem de parar-nos on \u00e9rem, per fer unes respiracions, per baixar revolucions i veure com aquest aire ens ajudava.<\/span><\/span><\/p>\n<p><span style=\"font-family: 'comic sans ms', sans-serif;\"><span style=\"font-weight: 400;\">Jo crec que l\u2019objectiu d&#8217;aquesta activitat era saber quant aire necessitem a l\u2019hora de caminar o de c\u00f3rrer i all\u00f2 que ens pot provocar.<\/span><\/span><\/p>\n<p><span style=\"font-family: 'comic sans ms', sans-serif;\"><span style=\"font-weight: 400;\">Quan hem descansat, ens hem estirat i ens hem col\u00b7locat a diferents llocs per fer un recull de totes les descobertes d &#8216;aquest aire que ens envolta i explicar les nostres sensacions. M&#8217;ha agradat molt!<\/span><\/span><\/p>\n<p style=\"text-align: right;\"><em><strong><span style=\"font-family: 'comic sans ms', sans-serif;\">EKAITZ<\/span><\/strong><\/em><\/p>\n<p><a href=\"https:\/\/agora.xtec.cat\/ceipturodeguiera\/wp-content\/uploads\/usu2627\/2022\/10\/excursio2.jpg\"><img loading=\"lazy\" decoding=\"async\" class=\"wp-image-4410 alignleft\" src=\"https:\/\/agora.xtec.cat\/ceipturodeguiera\/wp-content\/uploads\/usu2627\/2022\/10\/excursio2-1024x768.jpg\" alt=\"\" width=\"372\" height=\"279\" srcset=\"https:\/\/agora.xtec.cat\/ceipturodeguiera\/wp-content\/uploads\/usu2627\/2022\/10\/excursio2-1024x768.jpg 1024w, https:\/\/agora.xtec.cat\/ceipturodeguiera\/wp-content\/uploads\/usu2627\/2022\/10\/excursio2-300x225.jpg 300w, https:\/\/agora.xtec.cat\/ceipturodeguiera\/wp-content\/uploads\/usu2627\/2022\/10\/excursio2-768x576.jpg 768w, https:\/\/agora.xtec.cat\/ceipturodeguiera\/wp-content\/uploads\/usu2627\/2022\/10\/excursio2-1536x1152.jpg 1536w, https:\/\/agora.xtec.cat\/ceipturodeguiera\/wp-content\/uploads\/usu2627\/2022\/10\/excursio2-200x150.jpg 200w, https:\/\/agora.xtec.cat\/ceipturodeguiera\/wp-content\/uploads\/usu2627\/2022\/10\/excursio2.jpg 1672w\" sizes=\"auto, (max-width: 372px) 100vw, 372px\" \/><\/a><a href=\"https:\/\/agora.xtec.cat\/ceipturodeguiera\/wp-content\/uploads\/usu2627\/2022\/10\/excursio3.jpg\"><img loading=\"lazy\" decoding=\"async\" class=\"wp-image-4411 alignright\" src=\"https:\/\/agora.xtec.cat\/ceipturodeguiera\/wp-content\/uploads\/usu2627\/2022\/10\/excursio3-1024x768.jpg\" alt=\"\" width=\"323\" height=\"243\" srcset=\"https:\/\/agora.xtec.cat\/ceipturodeguiera\/wp-content\/uploads\/usu2627\/2022\/10\/excursio3-1024x768.jpg 1024w, https:\/\/agora.xtec.cat\/ceipturodeguiera\/wp-content\/uploads\/usu2627\/2022\/10\/excursio3-300x225.jpg 300w, https:\/\/agora.xtec.cat\/ceipturodeguiera\/wp-content\/uploads\/usu2627\/2022\/10\/excursio3-768x576.jpg 768w, https:\/\/agora.xtec.cat\/ceipturodeguiera\/wp-content\/uploads\/usu2627\/2022\/10\/excursio3-1536x1152.jpg 1536w, https:\/\/agora.xtec.cat\/ceipturodeguiera\/wp-content\/uploads\/usu2627\/2022\/10\/excursio3-200x150.jpg 200w, https:\/\/agora.xtec.cat\/ceipturodeguiera\/wp-content\/uploads\/usu2627\/2022\/10\/excursio3.jpg 1672w\" sizes=\"auto, (max-width: 323px) 100vw, 323px\" \/><\/a><\/p>\n<p>&nbsp;<\/p>\n<p>&nbsp;<\/p>\n<p>&nbsp;<\/p>\n","protected":false},"excerpt":{"rendered":"<p>L&#8217;AIRE , QUINA EXPERI\u00c8NCIA! \u00a0\u201cAbans de fer la sortida, subestimava l\u2019aire per\u00f2, despr\u00e9s d\u2019haver viscut aquesta experi\u00e8ncia, he notat que l\u2019aire t\u00e9 molta hist\u00f2ria!\u201d Oriol L&#8217;AIRE I LES SENSACIONS Dimarts 25\/10\/2022 el grup &#8220;Aire m\u00e0gic&#8221; hem fet una petita sortida per la tarda. Hem anat prop de Collserola per sentir i experimentar l &#8216;aire. El [&hellip;]<\/p>\n","protected":false},"author":29,"featured_media":4409,"comment_status":"open","ping_status":"closed","sticky":false,"template":"","format":"standard","meta":{"_bbp_topic_count":0,"_bbp_reply_count":0,"_bbp_total_topic_count":0,"_bbp_total_reply_count":0,"_bbp_voice_count":0,"_bbp_anonymous_reply_count":0,"_bbp_topic_count_hidden":0,"_bbp_reply_count_hidden":0,"_bbp_forum_subforum_count":0,"site-sidebar-layout":"default","site-content-layout":"","ast-site-content-layout":"","site-content-style":"default","site-sidebar-style":"default","ast-global-header-display":"","ast-banner-title-visibility":"","ast-main-header-display":"","ast-hfb-above-header-display":"","ast-hfb-below-header-display":"","ast-hfb-mobile-header-display":"","site-post-title":"","ast-breadcrumbs-content":"","ast-featured-img":"","footer-sml-layout":"","theme-transparent-header-meta":"","adv-header-id-meta":"","stick-header-meta":"","header-above-stick-meta":"","header-main-stick-meta":"","header-below-stick-meta":"","astra-migrate-meta-layouts":"default","ast-page-background-enabled":"default","ast-page-background-meta":{"desktop":{"background-color":"var(--ast-global-color-4)","background-image":"","background-repeat":"repeat","background-position":"center center","background-size":"auto","background-attachment":"scroll","background-type":"","background-media":"","overlay-type":"","overlay-color":"","overlay-opacity":"","overlay-gradient":""},"tablet":{"background-color":"","background-image":"","background-repeat":"repeat","background-position":"center center","background-size":"auto","background-attachment":"scroll","background-type":"","background-media":"","overlay-type":"","overlay-color":"","overlay-opacity":"","overlay-gradient":""},"mobile":{"background-color":"","background-image":"","background-repeat":"repeat","background-position":"center center","background-size":"auto","background-attachment":"scroll","background-type":"","background-media":"","overlay-type":"","overlay-color":"","overlay-opacity":"","overlay-gradient":""}},"ast-content-background-meta":{"desktop":{"background-color":"var(--ast-global-color-5)","background-image":"","background-repeat":"repeat","background-position":"center center","background-size":"auto","background-attachment":"scroll","background-type":"","background-media":"","overlay-type":"","overlay-color":"","overlay-opacity":"","overlay-gradient":""},"tablet":{"background-color":"var(--ast-global-color-5)","background-image":"","background-repeat":"repeat","background-position":"center center","background-size":"auto","background-attachment":"scroll","background-type":"","background-media":"","overlay-type":"","overlay-color":"","overlay-opacity":"","overlay-gradient":""},"mobile":{"background-color":"var(--ast-global-color-5)","background-image":"","background-repeat":"repeat","background-position":"center center","background-size":"auto","background-attachment":"scroll","background-type":"","background-media":"","overlay-type":"","overlay-color":"","overlay-opacity":"","overlay-gradient":""}},"footnotes":""},"categories":[15,1],"tags":[],"class_list":["post-4407","post","type-post","status-publish","format-standard","has-post-thumbnail","hentry","category-exalumnes2011","category-general"],"post_mailing_queue_ids":[],"_links":{"self":[{"href":"https:\/\/agora.xtec.cat\/ceipturodeguiera\/wp-json\/wp\/v2\/posts\/4407","targetHints":{"allow":["GET"]}}],"collection":[{"href":"https:\/\/agora.xtec.cat\/ceipturodeguiera\/wp-json\/wp\/v2\/posts"}],"about":[{"href":"https:\/\/agora.xtec.cat\/ceipturodeguiera\/wp-json\/wp\/v2\/types\/post"}],"author":[{"embeddable":true,"href":"https:\/\/agora.xtec.cat\/ceipturodeguiera\/wp-json\/wp\/v2\/users\/29"}],"replies":[{"embeddable":true,"href":"https:\/\/agora.xtec.cat\/ceipturodeguiera\/wp-json\/wp\/v2\/comments?post=4407"}],"version-history":[{"count":3,"href":"https:\/\/agora.xtec.cat\/ceipturodeguiera\/wp-json\/wp\/v2\/posts\/4407\/revisions"}],"predecessor-version":[{"id":4414,"href":"https:\/\/agora.xtec.cat\/ceipturodeguiera\/wp-json\/wp\/v2\/posts\/4407\/revisions\/4414"}],"wp:featuredmedia":[{"embeddable":true,"href":"https:\/\/agora.xtec.cat\/ceipturodeguiera\/wp-json\/wp\/v2\/media\/4409"}],"wp:attachment":[{"href":"https:\/\/agora.xtec.cat\/ceipturodeguiera\/wp-json\/wp\/v2\/media?parent=4407"}],"wp:term":[{"taxonomy":"category","embeddable":true,"href":"https:\/\/agora.xtec.cat\/ceipturodeguiera\/wp-json\/wp\/v2\/categories?post=4407"},{"taxonomy":"post_tag","embeddable":true,"href":"https:\/\/agora.xtec.cat\/ceipturodeguiera\/wp-json\/wp\/v2\/tags?post=4407"}],"curies":[{"name":"wp","href":"https:\/\/api.w.org\/{rel}","templated":true}]}}