{"id":4322,"date":"2022-10-15T12:35:57","date_gmt":"2022-10-15T10:35:57","guid":{"rendered":"https:\/\/agora.xtec.cat\/ceipturodeguiera\/?p=4322"},"modified":"2022-10-15T14:39:46","modified_gmt":"2022-10-15T12:39:46","slug":"hem-fet-una-bicicletada-per-cerdanyola","status":"publish","type":"post","link":"https:\/\/agora.xtec.cat\/ceipturodeguiera\/portada\/hem-fet-una-bicicletada-per-cerdanyola\/","title":{"rendered":"HEM FET UNA BICICLETADA PER CERDANYOLA!"},"content":{"rendered":"<p style=\"text-align: center;\"><span style=\"color: #800080; font-size: 14pt;\"><strong><span style=\"font-family: 'comic sans ms', sans-serif;\"><iframe loading=\"lazy\" src=\"\/\/www.youtube.com\/embed\/ex6-mzpZQ1w\" width=\"560\" height=\"314\" allowfullscreen=\"allowfullscreen\"><\/iframe><\/span><\/strong><\/span><\/p>\n<h5 style=\"text-align: center;\"><strong><span style=\"color: #339966;\">L&#8217;activitat de la Bicicletada est\u00e0 inclosa dins el programa &#8220;Camins Escolars&#8221;<\/span><\/strong><\/h5>\n<p>&nbsp;<\/p>\n<p style=\"text-align: center;\"><span style=\"color: #800080; font-size: 14pt;\"><strong><span style=\"font-family: 'comic sans ms', sans-serif;\">Els nois i noies de 5\u00e8 i 6\u00e8 hem anat sobre rodes!<\/span><\/strong><\/span><\/p>\n<p><span style=\"font-family: 'comic sans ms', sans-serif;\">Dijous 13 d\u2019octubre del 2022, l\u2019escola Tur\u00f3 de Guiera, l\u2019alumnat de 5\u00e8 i 6\u00e8 hem fet una bicicletada molt xul.la!<\/span><\/p>\n<p><span style=\"font-family: 'comic sans ms', sans-serif;\">La bicicletada l\u2019hem feta amb l\u2019escola &#8220;La S\u00ednia&#8221;. Tamb\u00e9, hem anat amb alguns policies, pares, mares i professors\/es.\u00a0<\/span><\/p>\n<p><span style=\"font-family: 'comic sans ms', sans-serif;\">Hem arribat al Parc del Turonet, ens hem fet moltes fotos , i una amb forma de patinet! <\/span><span style=\"font-family: 'comic sans ms', sans-serif;\">Tamb\u00e9 hem estat jugant una mica al parc i ens hem divertit molt.<\/span><\/p>\n<p><span style=\"font-family: 'comic sans ms', sans-serif;\">HA SIGUT UNA BICICLETADA MOLT <\/span><span style=\"font-family: 'comic sans ms', sans-serif;\">DIVERTIDA!<\/span><\/p>\n<p style=\"text-align: right;\"><em><span style=\"font-family: 'comic sans ms', sans-serif;\"><b>Delma\u00a0<\/b><\/span><\/em><\/p>\n<p><a href=\"https:\/\/agora.xtec.cat\/ceipturodeguiera\/wp-content\/uploads\/usu2627\/2022\/10\/IMG_5094.jpg\"><img loading=\"lazy\" decoding=\"async\" class=\"wp-image-4326 aligncenter\" src=\"https:\/\/agora.xtec.cat\/ceipturodeguiera\/wp-content\/uploads\/usu2627\/2022\/10\/IMG_5094.jpg\" alt=\"\" width=\"449\" height=\"337\" srcset=\"https:\/\/agora.xtec.cat\/ceipturodeguiera\/wp-content\/uploads\/usu2627\/2022\/10\/IMG_5094.jpg 640w, https:\/\/agora.xtec.cat\/ceipturodeguiera\/wp-content\/uploads\/usu2627\/2022\/10\/IMG_5094-300x225.jpg 300w, https:\/\/agora.xtec.cat\/ceipturodeguiera\/wp-content\/uploads\/usu2627\/2022\/10\/IMG_5094-200x150.jpg 200w\" sizes=\"auto, (max-width: 449px) 100vw, 449px\" \/><\/a><\/p>\n<p>&nbsp;<\/p>\n<p style=\"text-align: center;\"><span style=\"font-family: 'comic sans ms', sans-serif; color: #ff0000; font-size: 14pt;\"><strong>CONDUCTORS\/ES PER UN DIA!<\/strong><\/span><\/p>\n<p><span style=\"font-weight: 400; font-family: 'comic sans ms', sans-serif;\">El dia 13 d\u2019octubre de 2022, els cursos de 5\u00e8 i 6\u00e8 de l\u2019escola Tur\u00f3 de Guiera i\u00a0 de l\u2019escola &#8220;La S\u00ednia&#8221; hem fet la bicicletada. <\/span><\/p>\n<p><span style=\"font-weight: 400; font-family: 'comic sans ms', sans-serif;\">A mi la bicicletada m\u2019ha semblat una activitat molt divertida i diferent, perqu\u00e8 an\u00e0vem moltes persones i amb policies.<\/span><\/p>\n<p style=\"text-align: left;\"><span style=\"font-family: 'comic sans ms', sans-serif;\"><span style=\"font-weight: 400;\">Amb aquesta activitat tots\/es hem sentit com \u00e9s ser conductor\/a de veritat, tant amb bicicletes com amb patinets. An\u00e0vem protegits i protegides per la policia , cotxes , motos \u2026 i tamb\u00e9 per monitors , professors, pares ,mares\u2026<\/span><span style=\"font-weight: 400;\">Aquesta bicicletada m\u2019ha semblat una gran activitat i la tornaria a repetir!<\/span><\/span><\/p>\n<p style=\"text-align: right;\">\u00a0 \u00a0 \u00a0 \u00a0 \u00a0 \u00a0 \u00a0 \u00a0 \u00a0 \u00a0 \u00a0 \u00a0 \u00a0 \u00a0 \u00a0 \u00a0 \u00a0 \u00a0 \u00a0 \u00a0 \u00a0 \u00a0 \u00a0 \u00a0 \u00a0 \u00a0 \u00a0 \u00a0 \u00a0 <em><strong><span style=\"font-family: 'comic sans ms', sans-serif;\">\u00a0Pol\u00a0 \u00a0<\/span><\/strong><\/em><\/p>\n<p style=\"text-align: right;\">\u00a0 \u00a0 \u00a0 \u00a0<a href=\"https:\/\/agora.xtec.cat\/ceipturodeguiera\/wp-content\/uploads\/usu2627\/2022\/10\/IMG_5086.jpg\"><img loading=\"lazy\" decoding=\"async\" class=\"wp-image-4325 aligncenter\" src=\"https:\/\/agora.xtec.cat\/ceipturodeguiera\/wp-content\/uploads\/usu2627\/2022\/10\/IMG_5086.jpg\" alt=\"\" width=\"443\" height=\"332\" srcset=\"https:\/\/agora.xtec.cat\/ceipturodeguiera\/wp-content\/uploads\/usu2627\/2022\/10\/IMG_5086.jpg 640w, https:\/\/agora.xtec.cat\/ceipturodeguiera\/wp-content\/uploads\/usu2627\/2022\/10\/IMG_5086-300x225.jpg 300w, https:\/\/agora.xtec.cat\/ceipturodeguiera\/wp-content\/uploads\/usu2627\/2022\/10\/IMG_5086-200x150.jpg 200w\" sizes=\"auto, (max-width: 443px) 100vw, 443px\" \/><\/a><\/p>\n<p style=\"text-align: center;\"><span style=\"color: #008000;\"><strong><span style=\"font-family: 'comic sans ms', sans-serif; font-size: 14pt;\">QUINA PASSADA, AQUESTA BICICLETADA!<\/span><\/strong><\/span><\/p>\n<p style=\"text-align: left;\"><span style=\"font-family: 'comic sans ms', sans-serif;\">Poder participar d&#8217;aquesta bicicletada, ha estat una aventura!<\/span><\/p>\n<p style=\"text-align: left;\"><span style=\"font-family: 'comic sans ms', sans-serif;\">Els nois i noies de 5\u00e8 i 6\u00e8 de la nostra escola amb els de &#8220;La S\u00ednia&#8221; hem anat amb les nostres bicicletes en direcci\u00f3 al Turonet. Estic segur que, alguns\/es d&#8217;ells\/es\u00a0 han fet les seves primeres rotondes sent conductors\/es sense estar en un cotxe. An\u00e0vem ocupant tota la carretera!<\/span><\/p>\n<p style=\"text-align: left;\"><span style=\"font-family: 'comic sans ms', sans-serif;\">Quan hem arribat, hem estat jugant fins al moment de la foto, un moment molt especial on ens hem ajuntat per fer una fotografia en forma de patinet!<\/span><\/p>\n<p style=\"text-align: left;\"><span style=\"font-family: 'comic sans ms', sans-serif;\">Despr\u00e9s, hem acompanyat als de &#8220;La S\u00ednia&#8221; i hem tornat a l&#8217;escola per tot el centre de Cerdanyola. Hem cantat, hem pedalat i hem fet esport. Ens ho hem passat molt b\u00e9!<\/span><\/p>\n<p style=\"text-align: right;\"><span style=\"font-family: 'comic sans ms', sans-serif;\">\u00a0 \u00a0 \u00a0 \u00a0 \u00a0 \u00a0 \u00a0\u00a0<strong>\u00a0<em> Romeo<\/em><\/strong><\/span><\/p>\n","protected":false},"excerpt":{"rendered":"<p>L&#8217;activitat de la Bicicletada est\u00e0 inclosa dins el programa &#8220;Camins Escolars&#8221; &nbsp; Els nois i noies de 5\u00e8 i 6\u00e8 hem anat sobre rodes! Dijous 13 d\u2019octubre del 2022, l\u2019escola Tur\u00f3 de Guiera, l\u2019alumnat de 5\u00e8 i 6\u00e8 hem fet una bicicletada molt xul.la! La bicicletada l\u2019hem feta amb l\u2019escola &#8220;La S\u00ednia&#8221;. Tamb\u00e9, hem anat [&hellip;]<\/p>\n","protected":false},"author":29,"featured_media":4326,"comment_status":"open","ping_status":"closed","sticky":false,"template":"","format":"standard","meta":{"_bbp_topic_count":0,"_bbp_reply_count":0,"_bbp_total_topic_count":0,"_bbp_total_reply_count":0,"_bbp_voice_count":0,"_bbp_anonymous_reply_count":0,"_bbp_topic_count_hidden":0,"_bbp_reply_count_hidden":0,"_bbp_forum_subforum_count":0,"site-sidebar-layout":"default","site-content-layout":"","ast-site-content-layout":"","site-content-style":"default","site-sidebar-style":"default","ast-global-header-display":"","ast-banner-title-visibility":"","ast-main-header-display":"","ast-hfb-above-header-display":"","ast-hfb-below-header-display":"","ast-hfb-mobile-header-display":"","site-post-title":"","ast-breadcrumbs-content":"","ast-featured-img":"","footer-sml-layout":"","theme-transparent-header-meta":"","adv-header-id-meta":"","stick-header-meta":"","header-above-stick-meta":"","header-main-stick-meta":"","header-below-stick-meta":"","astra-migrate-meta-layouts":"default","ast-page-background-enabled":"default","ast-page-background-meta":{"desktop":{"background-color":"var(--ast-global-color-4)","background-image":"","background-repeat":"repeat","background-position":"center center","background-size":"auto","background-attachment":"scroll","background-type":"","background-media":"","overlay-type":"","overlay-color":"","overlay-opacity":"","overlay-gradient":""},"tablet":{"background-color":"","background-image":"","background-repeat":"repeat","background-position":"center center","background-size":"auto","background-attachment":"scroll","background-type":"","background-media":"","overlay-type":"","overlay-color":"","overlay-opacity":"","overlay-gradient":""},"mobile":{"background-color":"","background-image":"","background-repeat":"repeat","background-position":"center center","background-size":"auto","background-attachment":"scroll","background-type":"","background-media":"","overlay-type":"","overlay-color":"","overlay-opacity":"","overlay-gradient":""}},"ast-content-background-meta":{"desktop":{"background-color":"var(--ast-global-color-5)","background-image":"","background-repeat":"repeat","background-position":"center center","background-size":"auto","background-attachment":"scroll","background-type":"","background-media":"","overlay-type":"","overlay-color":"","overlay-opacity":"","overlay-gradient":""},"tablet":{"background-color":"var(--ast-global-color-5)","background-image":"","background-repeat":"repeat","background-position":"center center","background-size":"auto","background-attachment":"scroll","background-type":"","background-media":"","overlay-type":"","overlay-color":"","overlay-opacity":"","overlay-gradient":""},"mobile":{"background-color":"var(--ast-global-color-5)","background-image":"","background-repeat":"repeat","background-position":"center center","background-size":"auto","background-attachment":"scroll","background-type":"","background-media":"","overlay-type":"","overlay-color":"","overlay-opacity":"","overlay-gradient":""}},"footnotes":""},"categories":[15,14,65,4,213],"tags":[255],"class_list":["post-4322","post","type-post","status-publish","format-standard","has-post-thumbnail","hentry","category-exalumnes2011","category-ex-alumnes","category-lescola","category-portada","category-sortides","tag-bicicletada"],"post_mailing_queue_ids":[],"_links":{"self":[{"href":"https:\/\/agora.xtec.cat\/ceipturodeguiera\/wp-json\/wp\/v2\/posts\/4322","targetHints":{"allow":["GET"]}}],"collection":[{"href":"https:\/\/agora.xtec.cat\/ceipturodeguiera\/wp-json\/wp\/v2\/posts"}],"about":[{"href":"https:\/\/agora.xtec.cat\/ceipturodeguiera\/wp-json\/wp\/v2\/types\/post"}],"author":[{"embeddable":true,"href":"https:\/\/agora.xtec.cat\/ceipturodeguiera\/wp-json\/wp\/v2\/users\/29"}],"replies":[{"embeddable":true,"href":"https:\/\/agora.xtec.cat\/ceipturodeguiera\/wp-json\/wp\/v2\/comments?post=4322"}],"version-history":[{"count":4,"href":"https:\/\/agora.xtec.cat\/ceipturodeguiera\/wp-json\/wp\/v2\/posts\/4322\/revisions"}],"predecessor-version":[{"id":4339,"href":"https:\/\/agora.xtec.cat\/ceipturodeguiera\/wp-json\/wp\/v2\/posts\/4322\/revisions\/4339"}],"wp:featuredmedia":[{"embeddable":true,"href":"https:\/\/agora.xtec.cat\/ceipturodeguiera\/wp-json\/wp\/v2\/media\/4326"}],"wp:attachment":[{"href":"https:\/\/agora.xtec.cat\/ceipturodeguiera\/wp-json\/wp\/v2\/media?parent=4322"}],"wp:term":[{"taxonomy":"category","embeddable":true,"href":"https:\/\/agora.xtec.cat\/ceipturodeguiera\/wp-json\/wp\/v2\/categories?post=4322"},{"taxonomy":"post_tag","embeddable":true,"href":"https:\/\/agora.xtec.cat\/ceipturodeguiera\/wp-json\/wp\/v2\/tags?post=4322"}],"curies":[{"name":"wp","href":"https:\/\/api.w.org\/{rel}","templated":true}]}}