{"id":4242,"date":"2022-09-27T12:13:45","date_gmt":"2022-09-27T10:13:45","guid":{"rendered":"https:\/\/agora.xtec.cat\/ceipturodeguiera\/?p=4242"},"modified":"2023-01-07T20:41:23","modified_gmt":"2023-01-07T19:41:23","slug":"ja-som-a-6e","status":"publish","type":"post","link":"https:\/\/agora.xtec.cat\/ceipturodeguiera\/general\/ja-som-a-6e\/","title":{"rendered":"Ja som a 6\u00e8!"},"content":{"rendered":"<p>&nbsp;<\/p>\n<p>&nbsp;<\/p>\n<p><a href=\"https:\/\/agora.xtec.cat\/ceipturodeguiera\/wp-content\/uploads\/usu2627\/2022\/09\/Foto-6eB.jpg\"><img loading=\"lazy\" decoding=\"async\" class=\"alignnone size-large wp-image-4246\" src=\"https:\/\/agora.xtec.cat\/ceipturodeguiera\/wp-content\/uploads\/usu2627\/2022\/09\/Foto-6eB-768x1024.jpg\" alt=\"\" width=\"768\" height=\"1024\" srcset=\"https:\/\/agora.xtec.cat\/ceipturodeguiera\/wp-content\/uploads\/usu2627\/2022\/09\/Foto-6eB-768x1024.jpg 768w, https:\/\/agora.xtec.cat\/ceipturodeguiera\/wp-content\/uploads\/usu2627\/2022\/09\/Foto-6eB-225x300.jpg 225w, https:\/\/agora.xtec.cat\/ceipturodeguiera\/wp-content\/uploads\/usu2627\/2022\/09\/Foto-6eB-1152x1536.jpg 1152w, https:\/\/agora.xtec.cat\/ceipturodeguiera\/wp-content\/uploads\/usu2627\/2022\/09\/Foto-6eB.jpg 1536w\" sizes=\"auto, (max-width: 768px) 100vw, 768px\" \/><\/a><\/p>\n<p style=\"text-align: center;\"><span style=\"color: #008000; font-family: 'comic sans ms', sans-serif;\"><strong>HEM INICIAT EL CURS!<\/strong><\/span><\/p>\n<p style=\"text-align: center;\"><span style=\"font-family: 'comic sans ms', sans-serif;\">Ja estem a 6\u00e8! Aquestes setmanes ens hem retrobat i ens ho hem passat genial! Almenys per a m\u00ed han estat uns moments de diversi\u00f3 i molt desitjats. Al principi, est\u00e0vem nerviosos i nervioses i tamb\u00e9 molt emocionats i emocionades. Jo soc de les que m\u00e9s neguitosa estava perqu\u00e8 no sabia com seria aquest nou curs. Ara em sento m\u00e9s confiada i amb ganes. Segur que ser\u00e0 un curs genial!<\/span><\/p>\n<p style=\"text-align: left;\">\u00a0 \u00a0 \u00a0 \u00a0 \u00a0 \u00a0 \u00a0 \u00a0 \u00a0 \u00a0 \u00a0 \u00a0 \u00a0 \u00a0 \u00a0 \u00a0 \u00a0 \u00a0 \u00a0 \u00a0 \u00a0 \u00a0 \u00a0 \u00a0 \u00a0 \u00a0 \u00a0 \u00a0 \u00a0 \u00a0 \u00a0 \u00a0 \u00a0 \u00a0 \u00a0 \u00a0 \u00a0 \u00a0 \u00a0 \u00a0 \u00a0 \u00a0 \u00a0 \u00a0 \u00a0 \u00a0 \u00a0 \u00a0 \u00a0 \u00a0 \u00a0 \u00a0 \u00a0 \u00a0 \u00a0 \u00a0 \u00a0 \u00a0 \u00a0 \u00a0 \u00a0 \u00a0 \u00a0 \u00a0 \u00a0 \u00a0 \u00a0 \u00a0 \u00a0 <span style=\"font-family: 'comic sans ms', sans-serif;\">\u00a0Mar M.<\/span><\/p>\n<p style=\"text-align: center;\"><strong><span style=\"font-family: 'comic sans ms', sans-serif; color: #993366;\">COMENCEM EL CURS 2022-23<\/span><\/strong><\/p>\n<p style=\"text-align: center;\"><span style=\"color: #000000; font-family: 'comic sans ms', sans-serif;\">Al principi d&#8217;aquest curs , els meus companys\/es i jo est\u00e0vem for\u00e7a tranquils i ens est\u00e0 anant\u00a0 \u00a0 \u00a0 genial. Hi ha gent que , en canvi ,est\u00e0 m\u00e9s nerviosa perqu\u00e8 sabem que 6\u00e8 \u00e9s l&#8217;\u00faltim curs i podria ser complicat pel tema dels deures, les proves&#8230; per\u00f2 , malgrat tot, estem feli\u00e7os i amb ganes de comen\u00e7ar i poder divertir-nos i compartir moltes coses. Ens ho passarem genial.<\/span><\/p>\n<p style=\"text-align: left;\"><span style=\"font-family: 'comic sans ms', sans-serif;\">\u00a0 \u00a0 \u00a0 \u00a0 \u00a0 \u00a0 \u00a0 \u00a0 \u00a0 \u00a0 \u00a0 \u00a0 \u00a0 \u00a0 \u00a0 \u00a0 \u00a0 \u00a0 \u00a0 \u00a0 \u00a0 \u00a0 \u00a0 \u00a0 \u00a0 \u00a0 \u00a0 \u00a0 \u00a0 \u00a0 \u00a0 \u00a0 \u00a0 \u00a0 \u00a0 \u00a0 \u00a0 \u00a0 \u00a0 \u00a0 \u00a0 \u00a0 \u00a0 \u00a0 \u00a0 \u00a0 \u00a0 \u00a0 \u00a0 \u00a0 \u00a0 \u00a0 \u00a0 \u00a0 \u00a0 \u00a0 \u00a0 H\u00e9ctor M.<\/span><\/p>\n<p style=\"text-align: center;\"><span style=\"font-family: 'comic sans ms', sans-serif;\"><strong><span style=\"color: #00ccff;\">UN CURS M\u00c0GIC<\/span><\/strong><\/span><\/p>\n<p style=\"text-align: center;\"><span style=\"color: #000000; font-family: 'comic sans ms', sans-serif;\">Personalment, m&#8217;agrada la idea de comen\u00e7ar un nou curs. Estic molt alegre d&#8217;estar amb els meus companys i companyes perqu\u00e8 s\u00f3n com la meva fam\u00edlia. Jo crec que , aquest any, serem molt amics i amigues i ens ho passarem molt b\u00e9.\u00a0 Tothom est\u00e0 molt emocionat\/ada per tot all\u00f2 que podr\u00e0 passar al llarg d&#8217;aquests mesos i que aquest ser\u00e0 el millor curs per a tothom, un curs ben m\u00e0gic.<\/span><\/p>\n<p style=\"text-align: left;\"><span style=\"font-family: 'comic sans ms', sans-serif;\">\u00a0 \u00a0 \u00a0 \u00a0 \u00a0 \u00a0 \u00a0 \u00a0 \u00a0 \u00a0 \u00a0 \u00a0 \u00a0 \u00a0 \u00a0 \u00a0 \u00a0 \u00a0 \u00a0 \u00a0 \u00a0 \u00a0 \u00a0 \u00a0 \u00a0 \u00a0 \u00a0 \u00a0 \u00a0 \u00a0 \u00a0 \u00a0 \u00a0 \u00a0 \u00a0 \u00a0 \u00a0 \u00a0 \u00a0 \u00a0 \u00a0 \u00a0 \u00a0 \u00a0 \u00a0 \u00a0 \u00a0 \u00a0 \u00a0 \u00a0 \u00a0 \u00a0 \u00a0 \u00a0 \u00a0 \u00a0 \u00a0 \u00a0 \u00a0 Daniela P.<\/span><\/p>\n<p style=\"text-align: center;\"><span style=\"color: #ff00ff; font-family: 'comic sans ms', sans-serif;\"><strong>COM ENS SENTIM ESTANT A 6\u00c8.<\/strong><\/span><\/p>\n<p style=\"text-align: center;\"><span style=\"font-family: 'comic sans ms', sans-serif;\">Estem molt feli\u00e7os i amb moltes ganes i energia. Ja estem comen\u00e7ant amb els deures i les feines i ens haurem d&#8217;esfor\u00e7ar per treure bones notes i passar de curs. Tamb\u00e9 estem contents\/es pels mestres que tenim . S\u00f3n moltes emocions les que sentim i les que estem vivint aquests dies. Mica en mica, anirem veient com va tot i com va passant aquest \u00faltim curs tan especial.<\/span><\/p>\n<p style=\"text-align: left;\"><span style=\"font-family: 'comic sans ms', sans-serif;\">\u00a0 \u00a0 \u00a0 \u00a0 \u00a0 \u00a0 \u00a0 \u00a0 \u00a0 \u00a0 \u00a0 \u00a0 \u00a0 \u00a0 \u00a0 \u00a0 \u00a0 \u00a0 \u00a0 \u00a0 \u00a0 \u00a0 \u00a0 \u00a0 \u00a0 \u00a0 \u00a0 \u00a0 \u00a0 \u00a0 \u00a0 \u00a0 \u00a0 \u00a0 \u00a0 \u00a0 \u00a0 \u00a0 \u00a0 \u00a0 \u00a0 \u00a0 \u00a0 \u00a0 \u00a0 \u00a0 \u00a0 \u00a0 \u00a0 \u00a0 \u00a0 \u00a0 \u00a0 \u00a0 \u00a0 \u00a0 \u00a0 \u00a0 \u00a0 \u00a0 \u00a0 Sandra A.<\/span><\/p>\n<p style=\"text-align: left;\">\n","protected":false},"excerpt":{"rendered":"<p>&nbsp; &nbsp; HEM INICIAT EL CURS! Ja estem a 6\u00e8! Aquestes setmanes ens hem retrobat i ens ho hem passat genial! Almenys per a m\u00ed han estat uns moments de diversi\u00f3 i molt desitjats. Al principi, est\u00e0vem nerviosos i nervioses i tamb\u00e9 molt emocionats i emocionades. Jo soc de les que m\u00e9s neguitosa estava perqu\u00e8 [&hellip;]<\/p>\n","protected":false},"author":29,"featured_media":4246,"comment_status":"open","ping_status":"closed","sticky":false,"template":"","format":"standard","meta":{"_bbp_topic_count":0,"_bbp_reply_count":0,"_bbp_total_topic_count":0,"_bbp_total_reply_count":0,"_bbp_voice_count":0,"_bbp_anonymous_reply_count":0,"_bbp_topic_count_hidden":0,"_bbp_reply_count_hidden":0,"_bbp_forum_subforum_count":0,"site-sidebar-layout":"default","site-content-layout":"","ast-site-content-layout":"","site-content-style":"default","site-sidebar-style":"default","ast-global-header-display":"","ast-banner-title-visibility":"","ast-main-header-display":"","ast-hfb-above-header-display":"","ast-hfb-below-header-display":"","ast-hfb-mobile-header-display":"","site-post-title":"","ast-breadcrumbs-content":"","ast-featured-img":"","footer-sml-layout":"","theme-transparent-header-meta":"","adv-header-id-meta":"","stick-header-meta":"","header-above-stick-meta":"","header-main-stick-meta":"","header-below-stick-meta":"","astra-migrate-meta-layouts":"default","ast-page-background-enabled":"default","ast-page-background-meta":{"desktop":{"background-color":"var(--ast-global-color-4)","background-image":"","background-repeat":"repeat","background-position":"center center","background-size":"auto","background-attachment":"scroll","background-type":"","background-media":"","overlay-type":"","overlay-color":"","overlay-opacity":"","overlay-gradient":""},"tablet":{"background-color":"","background-image":"","background-repeat":"repeat","background-position":"center center","background-size":"auto","background-attachment":"scroll","background-type":"","background-media":"","overlay-type":"","overlay-color":"","overlay-opacity":"","overlay-gradient":""},"mobile":{"background-color":"","background-image":"","background-repeat":"repeat","background-position":"center center","background-size":"auto","background-attachment":"scroll","background-type":"","background-media":"","overlay-type":"","overlay-color":"","overlay-opacity":"","overlay-gradient":""}},"ast-content-background-meta":{"desktop":{"background-color":"var(--ast-global-color-5)","background-image":"","background-repeat":"repeat","background-position":"center center","background-size":"auto","background-attachment":"scroll","background-type":"","background-media":"","overlay-type":"","overlay-color":"","overlay-opacity":"","overlay-gradient":""},"tablet":{"background-color":"var(--ast-global-color-5)","background-image":"","background-repeat":"repeat","background-position":"center center","background-size":"auto","background-attachment":"scroll","background-type":"","background-media":"","overlay-type":"","overlay-color":"","overlay-opacity":"","overlay-gradient":""},"mobile":{"background-color":"var(--ast-global-color-5)","background-image":"","background-repeat":"repeat","background-position":"center center","background-size":"auto","background-attachment":"scroll","background-type":"","background-media":"","overlay-type":"","overlay-color":"","overlay-opacity":"","overlay-gradient":""}},"footnotes":""},"categories":[15,1],"tags":[],"class_list":["post-4242","post","type-post","status-publish","format-standard","has-post-thumbnail","hentry","category-exalumnes2011","category-general"],"post_mailing_queue_ids":[],"_links":{"self":[{"href":"https:\/\/agora.xtec.cat\/ceipturodeguiera\/wp-json\/wp\/v2\/posts\/4242","targetHints":{"allow":["GET"]}}],"collection":[{"href":"https:\/\/agora.xtec.cat\/ceipturodeguiera\/wp-json\/wp\/v2\/posts"}],"about":[{"href":"https:\/\/agora.xtec.cat\/ceipturodeguiera\/wp-json\/wp\/v2\/types\/post"}],"author":[{"embeddable":true,"href":"https:\/\/agora.xtec.cat\/ceipturodeguiera\/wp-json\/wp\/v2\/users\/29"}],"replies":[{"embeddable":true,"href":"https:\/\/agora.xtec.cat\/ceipturodeguiera\/wp-json\/wp\/v2\/comments?post=4242"}],"version-history":[{"count":3,"href":"https:\/\/agora.xtec.cat\/ceipturodeguiera\/wp-json\/wp\/v2\/posts\/4242\/revisions"}],"predecessor-version":[{"id":4249,"href":"https:\/\/agora.xtec.cat\/ceipturodeguiera\/wp-json\/wp\/v2\/posts\/4242\/revisions\/4249"}],"wp:featuredmedia":[{"embeddable":true,"href":"https:\/\/agora.xtec.cat\/ceipturodeguiera\/wp-json\/wp\/v2\/media\/4246"}],"wp:attachment":[{"href":"https:\/\/agora.xtec.cat\/ceipturodeguiera\/wp-json\/wp\/v2\/media?parent=4242"}],"wp:term":[{"taxonomy":"category","embeddable":true,"href":"https:\/\/agora.xtec.cat\/ceipturodeguiera\/wp-json\/wp\/v2\/categories?post=4242"},{"taxonomy":"post_tag","embeddable":true,"href":"https:\/\/agora.xtec.cat\/ceipturodeguiera\/wp-json\/wp\/v2\/tags?post=4242"}],"curies":[{"name":"wp","href":"https:\/\/api.w.org\/{rel}","templated":true}]}}