{"id":4104,"date":"2022-06-16T17:43:18","date_gmt":"2022-06-16T15:43:18","guid":{"rendered":"https:\/\/agora.xtec.cat\/ceipturodeguiera\/?p=4104"},"modified":"2023-07-10T09:59:29","modified_gmt":"2023-07-10T07:59:29","slug":"quant-plastic-aboquem-als-contenidors-grocs","status":"publish","type":"post","link":"https:\/\/agora.xtec.cat\/ceipturodeguiera\/escola-verda\/quant-plastic-aboquem-als-contenidors-grocs\/","title":{"rendered":"Quant pl\u00e0stic aboquem als contenidors grocs?"},"content":{"rendered":"<p><a href=\"https:\/\/agora.xtec.cat\/ceipturodeguiera\/wp-content\/uploads\/usu2627\/2022\/06\/PES-DEL-PLASTIC-DE-TOTA-LESCOLA.png\"><img loading=\"lazy\" decoding=\"async\" class=\"size-full wp-image-4105 aligncenter\" src=\"https:\/\/agora.xtec.cat\/ceipturodeguiera\/wp-content\/uploads\/usu2627\/2022\/06\/PES-DEL-PLASTIC-DE-TOTA-LESCOLA.png\" alt=\"\" width=\"600\" height=\"467\" srcset=\"https:\/\/agora.xtec.cat\/ceipturodeguiera\/wp-content\/uploads\/usu2627\/2022\/06\/PES-DEL-PLASTIC-DE-TOTA-LESCOLA.png 600w, https:\/\/agora.xtec.cat\/ceipturodeguiera\/wp-content\/uploads\/usu2627\/2022\/06\/PES-DEL-PLASTIC-DE-TOTA-LESCOLA-300x234.png 300w\" sizes=\"auto, (max-width: 600px) 100vw, 600px\" \/><\/a><\/p>\n<p>&nbsp;<\/p>\n<p><span style=\"font-weight: 400;\">Al llarg d\u2019aquest curs hem volgut conscienciar el nostre alumnat de la import\u00e0ncia de reduir, sempre que es pugui, l\u2019\u00fas del pl\u00e0stic d\u2019un sol \u00fas. Com a centre adherit a la <em>Xarxa d\u2019Escoles Verdes<\/em> de Catalunya tenim la voluntat d\u2019 ampliar les nostres actuacions, per tal de\u00a0 col\u00b7laborar a\u00a0 minimitzar el nostre impacte\u00a0 ambiental.<\/span><\/p>\n<p><span style=\"font-weight: 400;\">El pl\u00e0stic \u00e9s un dels materials que consumim habitualment i que acaba tenint\u00a0 un impacte m\u00e9s negatiu sobre els diferents ecosistemes del nostre planeta.<\/span><\/p>\n<p><span style=\"font-weight: 400;\">Cada mes dos alumnes de cada classe han pesat el pl\u00e0stic que llencem al contenidor groc de les aules. Amb aquesta actuaci\u00f3 el nostre objectiu \u00e9s intentar reduir-lo al m\u00e0xim. \u00c9s cert que la pand\u00e8mia i les mesures covid en algun moment han estat contr\u00e0ries a poder utilitzar envasos m\u00e9s grans i menys embolcalls. En algunes classes s\u2019ha comen\u00e7at a instaurar l\u2019\u00fas de gots de pl\u00e0stic reutilitzables quan es porta beguda als aniversaris.\u00a0<\/span><\/p>\n<p><span style=\"font-weight: 400;\">Els i les alumnes de 6\u00e8 han elaborat gr\u00e0fiques amb les dades recollides al llarg de tot el curs per tal de veure l\u2019evoluci\u00f3 d\u2019aquest consum.\u00a0<\/span><\/p>\n<p><span style=\"font-weight: 400;\">De ben segur que l\u2019any vinent\u00a0 continuarem aquesta actuaci\u00f3 i\u00a0 intentarem minimitzar el pl\u00e0stic que aboquem als contenidors grocs.<\/span><\/p>\n<p style=\"text-align: right;\"><strong><em>Els i les alumnes de 6\u00e8<\/em><\/strong><\/p>\n","protected":false},"excerpt":{"rendered":"<p>&nbsp; Al llarg d\u2019aquest curs hem volgut conscienciar el nostre alumnat de la import\u00e0ncia de reduir, sempre que es pugui, l\u2019\u00fas del pl\u00e0stic d\u2019un sol \u00fas. Com a centre adherit a la Xarxa d\u2019Escoles Verdes de Catalunya tenim la voluntat d\u2019 ampliar les nostres actuacions, per tal de\u00a0 col\u00b7laborar a\u00a0 minimitzar el nostre impacte\u00a0 ambiental. [&hellip;]<\/p>\n","protected":false},"author":7,"featured_media":4105,"comment_status":"open","ping_status":"closed","sticky":false,"template":"","format":"standard","meta":{"_bbp_topic_count":0,"_bbp_reply_count":0,"_bbp_total_topic_count":0,"_bbp_total_reply_count":0,"_bbp_voice_count":0,"_bbp_anonymous_reply_count":0,"_bbp_topic_count_hidden":0,"_bbp_reply_count_hidden":0,"_bbp_forum_subforum_count":0,"site-sidebar-layout":"default","site-content-layout":"","ast-site-content-layout":"","site-content-style":"default","site-sidebar-style":"default","ast-global-header-display":"","ast-banner-title-visibility":"","ast-main-header-display":"","ast-hfb-above-header-display":"","ast-hfb-below-header-display":"","ast-hfb-mobile-header-display":"","site-post-title":"","ast-breadcrumbs-content":"","ast-featured-img":"","footer-sml-layout":"","theme-transparent-header-meta":"","adv-header-id-meta":"","stick-header-meta":"","header-above-stick-meta":"","header-main-stick-meta":"","header-below-stick-meta":"","astra-migrate-meta-layouts":"default","ast-page-background-enabled":"default","ast-page-background-meta":{"desktop":{"background-color":"var(--ast-global-color-4)","background-image":"","background-repeat":"repeat","background-position":"center center","background-size":"auto","background-attachment":"scroll","background-type":"","background-media":"","overlay-type":"","overlay-color":"","overlay-opacity":"","overlay-gradient":""},"tablet":{"background-color":"","background-image":"","background-repeat":"repeat","background-position":"center center","background-size":"auto","background-attachment":"scroll","background-type":"","background-media":"","overlay-type":"","overlay-color":"","overlay-opacity":"","overlay-gradient":""},"mobile":{"background-color":"","background-image":"","background-repeat":"repeat","background-position":"center center","background-size":"auto","background-attachment":"scroll","background-type":"","background-media":"","overlay-type":"","overlay-color":"","overlay-opacity":"","overlay-gradient":""}},"ast-content-background-meta":{"desktop":{"background-color":"var(--ast-global-color-5)","background-image":"","background-repeat":"repeat","background-position":"center center","background-size":"auto","background-attachment":"scroll","background-type":"","background-media":"","overlay-type":"","overlay-color":"","overlay-opacity":"","overlay-gradient":""},"tablet":{"background-color":"var(--ast-global-color-5)","background-image":"","background-repeat":"repeat","background-position":"center center","background-size":"auto","background-attachment":"scroll","background-type":"","background-media":"","overlay-type":"","overlay-color":"","overlay-opacity":"","overlay-gradient":""},"mobile":{"background-color":"var(--ast-global-color-5)","background-image":"","background-repeat":"repeat","background-position":"center center","background-size":"auto","background-attachment":"scroll","background-type":"","background-media":"","overlay-type":"","overlay-color":"","overlay-opacity":"","overlay-gradient":""}},"footnotes":""},"categories":[240,299],"tags":[],"class_list":["post-4104","post","type-post","status-publish","format-standard","has-post-thumbnail","hentry","category-escola-verda","category-exalumnes-2010"],"post_mailing_queue_ids":[],"_links":{"self":[{"href":"https:\/\/agora.xtec.cat\/ceipturodeguiera\/wp-json\/wp\/v2\/posts\/4104","targetHints":{"allow":["GET"]}}],"collection":[{"href":"https:\/\/agora.xtec.cat\/ceipturodeguiera\/wp-json\/wp\/v2\/posts"}],"about":[{"href":"https:\/\/agora.xtec.cat\/ceipturodeguiera\/wp-json\/wp\/v2\/types\/post"}],"author":[{"embeddable":true,"href":"https:\/\/agora.xtec.cat\/ceipturodeguiera\/wp-json\/wp\/v2\/users\/7"}],"replies":[{"embeddable":true,"href":"https:\/\/agora.xtec.cat\/ceipturodeguiera\/wp-json\/wp\/v2\/comments?post=4104"}],"version-history":[{"count":1,"href":"https:\/\/agora.xtec.cat\/ceipturodeguiera\/wp-json\/wp\/v2\/posts\/4104\/revisions"}],"predecessor-version":[{"id":4106,"href":"https:\/\/agora.xtec.cat\/ceipturodeguiera\/wp-json\/wp\/v2\/posts\/4104\/revisions\/4106"}],"wp:featuredmedia":[{"embeddable":true,"href":"https:\/\/agora.xtec.cat\/ceipturodeguiera\/wp-json\/wp\/v2\/media\/4105"}],"wp:attachment":[{"href":"https:\/\/agora.xtec.cat\/ceipturodeguiera\/wp-json\/wp\/v2\/media?parent=4104"}],"wp:term":[{"taxonomy":"category","embeddable":true,"href":"https:\/\/agora.xtec.cat\/ceipturodeguiera\/wp-json\/wp\/v2\/categories?post=4104"},{"taxonomy":"post_tag","embeddable":true,"href":"https:\/\/agora.xtec.cat\/ceipturodeguiera\/wp-json\/wp\/v2\/tags?post=4104"}],"curies":[{"name":"wp","href":"https:\/\/api.w.org\/{rel}","templated":true}]}}