{"id":4006,"date":"2022-06-09T22:26:17","date_gmt":"2022-06-09T20:26:17","guid":{"rendered":"https:\/\/agora.xtec.cat\/ceipturodeguiera\/?p=4006"},"modified":"2023-07-10T09:58:45","modified_gmt":"2023-07-10T07:58:45","slug":"ens-visiten-els-mossos-per-informar-nos-dels-perills-dinternet","status":"publish","type":"post","link":"https:\/\/agora.xtec.cat\/ceipturodeguiera\/exalumnes-2010\/ens-visiten-els-mossos-per-informar-nos-dels-perills-dinternet\/","title":{"rendered":"Ens visiten els mossos per informar-nos dels perills d&#8217;internet!"},"content":{"rendered":"<p><a href=\"https:\/\/agora.xtec.cat\/ceipturodeguiera\/wp-content\/uploads\/usu2627\/2022\/06\/mossos-Copy.jpg\"><img loading=\"lazy\" decoding=\"async\" class=\"alignnone size-full wp-image-4012\" src=\"https:\/\/agora.xtec.cat\/ceipturodeguiera\/wp-content\/uploads\/usu2627\/2022\/06\/mossos-Copy.jpg\" alt=\"\" width=\"1024\" height=\"768\" srcset=\"https:\/\/agora.xtec.cat\/ceipturodeguiera\/wp-content\/uploads\/usu2627\/2022\/06\/mossos-Copy.jpg 1024w, https:\/\/agora.xtec.cat\/ceipturodeguiera\/wp-content\/uploads\/usu2627\/2022\/06\/mossos-Copy-300x225.jpg 300w, https:\/\/agora.xtec.cat\/ceipturodeguiera\/wp-content\/uploads\/usu2627\/2022\/06\/mossos-Copy-768x576.jpg 768w, https:\/\/agora.xtec.cat\/ceipturodeguiera\/wp-content\/uploads\/usu2627\/2022\/06\/mossos-Copy-200x150.jpg 200w\" sizes=\"auto, (max-width: 1024px) 100vw, 1024px\" \/><\/a><\/p>\n<p>Aquesta setmana hem rebut la visita dels Mossos d&#8217;Esquadra i ens han fet una xerrada ben interessant sobre com fer un bon \u00fas d&#8217;Internet i de les xarxes socials! Tots i totes sabem que el m\u00f3n digital \u00e9s mot ampli i que estar connectats-ades \u00e9s molt present als nostres dies. Per\u00f2&#8230;? Som conscients dels perills que tot aix\u00f2 amaga? Pot ser no del tot<\/p>\n<p style=\"text-align: center;\"><span style=\"font-weight: 400; font-family: 'comic sans ms', sans-serif; font-size: 18pt;\">Xarxes socials<\/span><\/p>\n<p><span style=\"font-weight: 400; font-family: 'comic sans ms', sans-serif;\">El dia 7 de juny del 2022 van venir, a les classes de sis\u00e8 ,uns mossos d&#8217;esquadra a fer-nos una xerrada sobre les xarxes socials. Primer, ens van parlar\u00a0 del codi penal i les infraccions que comporta no complir-lo. Despr\u00e9s, ens van parlar sobre els problemes de les xarxes socials i ens van dir les coses que passaven en elles.<\/span><\/p>\n<p><span style=\"font-weight: 400; font-family: 'comic sans ms', sans-serif;\">Ens van posar un v\u00eddeo molt curt que parlava sobre quan penges una foto a una xarxa social que ja no \u00e9s propietat teva.\u00a0<\/span><\/p>\n<p><span style=\"font-weight: 400; font-family: 'comic sans ms', sans-serif;\">M\u00e9s tard, ens van parlar sobre quins delictes passen a aquest tipus de xarxes i que s\u00f3n infraccions penals.<\/span><\/p>\n<p><span style=\"font-weight: 400; font-family: 'comic sans ms', sans-serif;\">Ens van posar un altre v\u00eddeo de gent que es feia passar per altra gent per aconseguir all\u00f2 que volen. Vam parlar sobre aquell v\u00eddeo i vam treure la conclusi\u00f3 que no hem de comunicar-nos amb gent que no coneixes i que hem de tenir molta precauci\u00f3 a l&#8217;hora de deixar dades nostres en determinats espais d&#8217;aquest tipus.<\/span><\/p>\n<p><span style=\"font-weight: 400; font-family: 'comic sans ms', sans-serif;\">Al final\u00a0 de tota la xerrada , vam concloure que s\u2019ha de fer un bon \u00fas de les xarxes socials perqu\u00e8 no hi hagin problemes i que \u00e9s millor el contacte i la interacci\u00f3n social presencial.<\/span><\/p>\n<p style=\"text-align: right;\"><span style=\"font-family: 'comic sans ms', sans-serif;\">X.C.M 6\u00e8 A<\/span><\/p>\n<p>&nbsp;<\/p>\n","protected":false},"excerpt":{"rendered":"<p>Aquesta setmana hem rebut la visita dels Mossos d&#8217;Esquadra i ens han fet una xerrada ben interessant sobre com fer un bon \u00fas d&#8217;Internet i de les xarxes socials! Tots i totes sabem que el m\u00f3n digital \u00e9s mot ampli i que estar connectats-ades \u00e9s molt present als nostres dies. Per\u00f2&#8230;? Som conscients dels perills [&hellip;]<\/p>\n","protected":false},"author":29,"featured_media":0,"comment_status":"open","ping_status":"closed","sticky":false,"template":"","format":"standard","meta":{"_bbp_topic_count":0,"_bbp_reply_count":0,"_bbp_total_topic_count":0,"_bbp_total_reply_count":0,"_bbp_voice_count":0,"_bbp_anonymous_reply_count":0,"_bbp_topic_count_hidden":0,"_bbp_reply_count_hidden":0,"_bbp_forum_subforum_count":0,"site-sidebar-layout":"default","site-content-layout":"","ast-site-content-layout":"","site-content-style":"default","site-sidebar-style":"default","ast-global-header-display":"","ast-banner-title-visibility":"","ast-main-header-display":"","ast-hfb-above-header-display":"","ast-hfb-below-header-display":"","ast-hfb-mobile-header-display":"","site-post-title":"","ast-breadcrumbs-content":"","ast-featured-img":"","footer-sml-layout":"","theme-transparent-header-meta":"","adv-header-id-meta":"","stick-header-meta":"","header-above-stick-meta":"","header-main-stick-meta":"","header-below-stick-meta":"","astra-migrate-meta-layouts":"default","ast-page-background-enabled":"default","ast-page-background-meta":{"desktop":{"background-color":"var(--ast-global-color-4)","background-image":"","background-repeat":"repeat","background-position":"center center","background-size":"auto","background-attachment":"scroll","background-type":"","background-media":"","overlay-type":"","overlay-color":"","overlay-opacity":"","overlay-gradient":""},"tablet":{"background-color":"","background-image":"","background-repeat":"repeat","background-position":"center center","background-size":"auto","background-attachment":"scroll","background-type":"","background-media":"","overlay-type":"","overlay-color":"","overlay-opacity":"","overlay-gradient":""},"mobile":{"background-color":"","background-image":"","background-repeat":"repeat","background-position":"center center","background-size":"auto","background-attachment":"scroll","background-type":"","background-media":"","overlay-type":"","overlay-color":"","overlay-opacity":"","overlay-gradient":""}},"ast-content-background-meta":{"desktop":{"background-color":"var(--ast-global-color-5)","background-image":"","background-repeat":"repeat","background-position":"center center","background-size":"auto","background-attachment":"scroll","background-type":"","background-media":"","overlay-type":"","overlay-color":"","overlay-opacity":"","overlay-gradient":""},"tablet":{"background-color":"var(--ast-global-color-5)","background-image":"","background-repeat":"repeat","background-position":"center center","background-size":"auto","background-attachment":"scroll","background-type":"","background-media":"","overlay-type":"","overlay-color":"","overlay-opacity":"","overlay-gradient":""},"mobile":{"background-color":"var(--ast-global-color-5)","background-image":"","background-repeat":"repeat","background-position":"center center","background-size":"auto","background-attachment":"scroll","background-type":"","background-media":"","overlay-type":"","overlay-color":"","overlay-opacity":"","overlay-gradient":""}},"footnotes":""},"categories":[299],"tags":[],"class_list":["post-4006","post","type-post","status-publish","format-standard","hentry","category-exalumnes-2010"],"post_mailing_queue_ids":[],"_links":{"self":[{"href":"https:\/\/agora.xtec.cat\/ceipturodeguiera\/wp-json\/wp\/v2\/posts\/4006","targetHints":{"allow":["GET"]}}],"collection":[{"href":"https:\/\/agora.xtec.cat\/ceipturodeguiera\/wp-json\/wp\/v2\/posts"}],"about":[{"href":"https:\/\/agora.xtec.cat\/ceipturodeguiera\/wp-json\/wp\/v2\/types\/post"}],"author":[{"embeddable":true,"href":"https:\/\/agora.xtec.cat\/ceipturodeguiera\/wp-json\/wp\/v2\/users\/29"}],"replies":[{"embeddable":true,"href":"https:\/\/agora.xtec.cat\/ceipturodeguiera\/wp-json\/wp\/v2\/comments?post=4006"}],"version-history":[{"count":3,"href":"https:\/\/agora.xtec.cat\/ceipturodeguiera\/wp-json\/wp\/v2\/posts\/4006\/revisions"}],"predecessor-version":[{"id":4091,"href":"https:\/\/agora.xtec.cat\/ceipturodeguiera\/wp-json\/wp\/v2\/posts\/4006\/revisions\/4091"}],"wp:attachment":[{"href":"https:\/\/agora.xtec.cat\/ceipturodeguiera\/wp-json\/wp\/v2\/media?parent=4006"}],"wp:term":[{"taxonomy":"category","embeddable":true,"href":"https:\/\/agora.xtec.cat\/ceipturodeguiera\/wp-json\/wp\/v2\/categories?post=4006"},{"taxonomy":"post_tag","embeddable":true,"href":"https:\/\/agora.xtec.cat\/ceipturodeguiera\/wp-json\/wp\/v2\/tags?post=4006"}],"curies":[{"name":"wp","href":"https:\/\/api.w.org\/{rel}","templated":true}]}}