{"id":3951,"date":"2022-06-02T20:04:06","date_gmt":"2022-06-02T18:04:06","guid":{"rendered":"https:\/\/agora.xtec.cat\/ceipturodeguiera\/?p=3951"},"modified":"2023-07-10T09:57:21","modified_gmt":"2023-07-10T07:57:21","slug":"dia-e-leducacio-fisica-al-carrer","status":"publish","type":"post","link":"https:\/\/agora.xtec.cat\/ceipturodeguiera\/exalumnes-2010\/dia-e-leducacio-fisica-al-carrer\/","title":{"rendered":"DIA DE L&#8217;EDUCACI\u00d3 F\u00cdSICA AL CARRER"},"content":{"rendered":"<p><a href=\"https:\/\/agora.xtec.cat\/ceipturodeguiera\/wp-content\/uploads\/usu2627\/2022\/06\/3.jpg\"><img loading=\"lazy\" decoding=\"async\" class=\"alignnone wp-image-3984\" src=\"https:\/\/agora.xtec.cat\/ceipturodeguiera\/wp-content\/uploads\/usu2627\/2022\/06\/3-1024x768.jpg\" alt=\"\" width=\"698\" height=\"524\" srcset=\"https:\/\/agora.xtec.cat\/ceipturodeguiera\/wp-content\/uploads\/usu2627\/2022\/06\/3-1024x768.jpg 1024w, https:\/\/agora.xtec.cat\/ceipturodeguiera\/wp-content\/uploads\/usu2627\/2022\/06\/3-300x225.jpg 300w, https:\/\/agora.xtec.cat\/ceipturodeguiera\/wp-content\/uploads\/usu2627\/2022\/06\/3-768x576.jpg 768w, https:\/\/agora.xtec.cat\/ceipturodeguiera\/wp-content\/uploads\/usu2627\/2022\/06\/3-1536x1152.jpg 1536w, https:\/\/agora.xtec.cat\/ceipturodeguiera\/wp-content\/uploads\/usu2627\/2022\/06\/3-200x150.jpg 200w, https:\/\/agora.xtec.cat\/ceipturodeguiera\/wp-content\/uploads\/usu2627\/2022\/06\/3.jpg 1672w\" sizes=\"auto, (max-width: 698px) 100vw, 698px\" \/><\/a><\/p>\n<p>&nbsp;<\/p>\n<p><a href=\"https:\/\/agora.xtec.cat\/ceipturodeguiera\/wp-content\/uploads\/usu2627\/2022\/06\/activitat-1-rotated.jpg\"> \u00a0\u00a0\u00a0\u00a0\u00a0\u00a0\u00a0\u00a0\u00a0\u00a0\u00a0\u00a0\u00a0\u00a0\u00a0\u00a0\u00a0\u00a0\u00a0\u00a0\u00a0\u00a0\u00a0\u00a0\u00a0\u00a0\u00a0\u00a0\u00a0\u00a0\u00a0\u00a0\u00a0\u00a0\u00a0\u00a0\u00a0\u00a0\u00a0\u00a0\u00a0\u00a0\u00a0\u00a0\u00a0\u00a0\u00a0\u00a0\u00a0<\/a><a href=\"https:\/\/agora.xtec.cat\/ceipturodeguiera\/wp-content\/uploads\/usu2627\/2022\/06\/activitat-2.jpg\"><img loading=\"lazy\" decoding=\"async\" class=\"wp-image-3981 alignleft\" src=\"https:\/\/agora.xtec.cat\/ceipturodeguiera\/wp-content\/uploads\/usu2627\/2022\/06\/activitat-2-300x225.jpg\" alt=\"\" width=\"199\" height=\"149\" srcset=\"https:\/\/agora.xtec.cat\/ceipturodeguiera\/wp-content\/uploads\/usu2627\/2022\/06\/activitat-2-300x225.jpg 300w, https:\/\/agora.xtec.cat\/ceipturodeguiera\/wp-content\/uploads\/usu2627\/2022\/06\/activitat-2-1024x768.jpg 1024w, https:\/\/agora.xtec.cat\/ceipturodeguiera\/wp-content\/uploads\/usu2627\/2022\/06\/activitat-2-768x576.jpg 768w, https:\/\/agora.xtec.cat\/ceipturodeguiera\/wp-content\/uploads\/usu2627\/2022\/06\/activitat-2-1536x1152.jpg 1536w, https:\/\/agora.xtec.cat\/ceipturodeguiera\/wp-content\/uploads\/usu2627\/2022\/06\/activitat-2-200x150.jpg 200w, https:\/\/agora.xtec.cat\/ceipturodeguiera\/wp-content\/uploads\/usu2627\/2022\/06\/activitat-2.jpg 1672w\" sizes=\"auto, (max-width: 199px) 100vw, 199px\" \/>\u00a0\u00a0\u00a0\u00a0\u00a0\u00a0\u00a0\u00a0\u00a0\u00a0\u00a0\u00a0\u00a0<\/a><\/p>\n<p>El dia 30 de maig de 2022, els\/les nens\/es de 6\u00e8 vam anar a la pla\u00e7a Sant Ramon a celebrar el dia de l\u2019Educaci\u00f3 F\u00edsica al carrer. Quan vam arribar , vam col.locar entre tots i totes les 6 estacions amb les seves instruccions per a l&#8217;activitat corresponent a la seva respectiva estaci\u00f3.<br \/>\nA continuaci\u00f3, el professor d\u2019Educaci\u00f3 F\u00edsica ens va explicar que estar\u00edem un cert temps per estaci\u00f3 i quan aquell temps s&#8217;acab\u00e9s, amb el xiulet ens indicaria el canvi a la seg\u00fcent estaci\u00f3 autom\u00e0ticament.<br \/>\nA la 1\u00aa estaci\u00f3, hi havien dos grups i amb un dau un grup el llen\u00e7ava i amb el n\u00famero que tocava, hav\u00edem de fer una volta a la pla\u00e7a per obtenir els punts, i entre els dos grups hav\u00edem d&#8217;acumular la mateixa puntuaci\u00f3 que era de 15 punts.<br \/>\nA la 2\u00aa estaci\u00f3, hav\u00edem d&#8217; arribar amb els 6 blocs a un con al mig de la pla\u00e7a.<br \/>\nA la 3\u00aa estaci\u00f3, per parelles, hav\u00edem d&#8217;agafar una xarxa i passar una pilota de tennis i despr\u00e9s tornar al final de la fila per tornar a agafar la pilota amb la xarxa.<\/p>\n<p>A la 4\u00aa estaci\u00f3, vam fer el past\u00eds amb pilotes de raquetes i pilotes de tennis, i fer un zig zag i tornar. Era molt dif\u00edcil! I ning\u00fa ho va poder aconseguir.<br \/>\nA la 5\u00aa estaci\u00f3, hav\u00edem de fer, entre tots\/es 300 salts a la corda, per\u00f2, en aquest cas, cadascun va fer 40 salts seguits, tots els grups ho van aconseguir. I per \u00faltim la 6\u00aa estaci\u00f3 era el joc del mocador.<\/p>\n<p><a href=\"https:\/\/agora.xtec.cat\/ceipturodeguiera\/wp-content\/uploads\/usu2627\/2022\/06\/activitat-1-rotated.jpg\"><img loading=\"lazy\" decoding=\"async\" class=\"wp-image-3978 aligncenter\" src=\"https:\/\/agora.xtec.cat\/ceipturodeguiera\/wp-content\/uploads\/usu2627\/2022\/06\/activitat-1-225x300.jpg\" alt=\"\" width=\"151\" height=\"202\" srcset=\"https:\/\/agora.xtec.cat\/ceipturodeguiera\/wp-content\/uploads\/usu2627\/2022\/06\/activitat-1-225x300.jpg 225w, https:\/\/agora.xtec.cat\/ceipturodeguiera\/wp-content\/uploads\/usu2627\/2022\/06\/activitat-1-768x1024.jpg 768w, https:\/\/agora.xtec.cat\/ceipturodeguiera\/wp-content\/uploads\/usu2627\/2022\/06\/activitat-1-1152x1536.jpg 1152w, https:\/\/agora.xtec.cat\/ceipturodeguiera\/wp-content\/uploads\/usu2627\/2022\/06\/activitat-1-rotated.jpg 1254w\" sizes=\"auto, (max-width: 151px) 100vw, 151px\" \/><\/a><\/p>\n<p>&nbsp;<\/p>\n<p>M.P.D. 6\u00c8A<\/p>\n","protected":false},"excerpt":{"rendered":"<p>&nbsp; \u00a0\u00a0\u00a0\u00a0\u00a0\u00a0\u00a0\u00a0\u00a0\u00a0\u00a0\u00a0\u00a0\u00a0\u00a0\u00a0\u00a0\u00a0\u00a0\u00a0\u00a0\u00a0\u00a0\u00a0\u00a0\u00a0\u00a0\u00a0\u00a0\u00a0\u00a0\u00a0\u00a0\u00a0\u00a0\u00a0\u00a0\u00a0\u00a0\u00a0\u00a0\u00a0\u00a0\u00a0\u00a0\u00a0\u00a0\u00a0\u00a0\u00a0\u00a0\u00a0\u00a0\u00a0\u00a0\u00a0\u00a0\u00a0\u00a0\u00a0\u00a0\u00a0 El dia 30 de maig de 2022, els\/les nens\/es de 6\u00e8 vam anar a la pla\u00e7a Sant Ramon a celebrar el dia de l\u2019Educaci\u00f3 F\u00edsica al carrer. Quan vam arribar , vam col.locar entre tots i totes les 6 estacions amb les seves instruccions per a l&#8217;activitat corresponent a la seva respectiva estaci\u00f3. [&hellip;]<\/p>\n","protected":false},"author":29,"featured_media":0,"comment_status":"open","ping_status":"closed","sticky":false,"template":"","format":"standard","meta":{"_bbp_topic_count":0,"_bbp_reply_count":0,"_bbp_total_topic_count":0,"_bbp_total_reply_count":0,"_bbp_voice_count":0,"_bbp_anonymous_reply_count":0,"_bbp_topic_count_hidden":0,"_bbp_reply_count_hidden":0,"_bbp_forum_subforum_count":0,"site-sidebar-layout":"default","site-content-layout":"","ast-site-content-layout":"","site-content-style":"default","site-sidebar-style":"default","ast-global-header-display":"","ast-banner-title-visibility":"","ast-main-header-display":"","ast-hfb-above-header-display":"","ast-hfb-below-header-display":"","ast-hfb-mobile-header-display":"","site-post-title":"","ast-breadcrumbs-content":"","ast-featured-img":"","footer-sml-layout":"","theme-transparent-header-meta":"","adv-header-id-meta":"","stick-header-meta":"","header-above-stick-meta":"","header-main-stick-meta":"","header-below-stick-meta":"","astra-migrate-meta-layouts":"default","ast-page-background-enabled":"default","ast-page-background-meta":{"desktop":{"background-color":"var(--ast-global-color-4)","background-image":"","background-repeat":"repeat","background-position":"center center","background-size":"auto","background-attachment":"scroll","background-type":"","background-media":"","overlay-type":"","overlay-color":"","overlay-opacity":"","overlay-gradient":""},"tablet":{"background-color":"","background-image":"","background-repeat":"repeat","background-position":"center center","background-size":"auto","background-attachment":"scroll","background-type":"","background-media":"","overlay-type":"","overlay-color":"","overlay-opacity":"","overlay-gradient":""},"mobile":{"background-color":"","background-image":"","background-repeat":"repeat","background-position":"center center","background-size":"auto","background-attachment":"scroll","background-type":"","background-media":"","overlay-type":"","overlay-color":"","overlay-opacity":"","overlay-gradient":""}},"ast-content-background-meta":{"desktop":{"background-color":"var(--ast-global-color-5)","background-image":"","background-repeat":"repeat","background-position":"center center","background-size":"auto","background-attachment":"scroll","background-type":"","background-media":"","overlay-type":"","overlay-color":"","overlay-opacity":"","overlay-gradient":""},"tablet":{"background-color":"var(--ast-global-color-5)","background-image":"","background-repeat":"repeat","background-position":"center center","background-size":"auto","background-attachment":"scroll","background-type":"","background-media":"","overlay-type":"","overlay-color":"","overlay-opacity":"","overlay-gradient":""},"mobile":{"background-color":"var(--ast-global-color-5)","background-image":"","background-repeat":"repeat","background-position":"center center","background-size":"auto","background-attachment":"scroll","background-type":"","background-media":"","overlay-type":"","overlay-color":"","overlay-opacity":"","overlay-gradient":""}},"footnotes":""},"categories":[299],"tags":[250],"class_list":["post-3951","post","type-post","status-publish","format-standard","hentry","category-exalumnes-2010","tag-educacio-fisica"],"post_mailing_queue_ids":[],"_links":{"self":[{"href":"https:\/\/agora.xtec.cat\/ceipturodeguiera\/wp-json\/wp\/v2\/posts\/3951","targetHints":{"allow":["GET"]}}],"collection":[{"href":"https:\/\/agora.xtec.cat\/ceipturodeguiera\/wp-json\/wp\/v2\/posts"}],"about":[{"href":"https:\/\/agora.xtec.cat\/ceipturodeguiera\/wp-json\/wp\/v2\/types\/post"}],"author":[{"embeddable":true,"href":"https:\/\/agora.xtec.cat\/ceipturodeguiera\/wp-json\/wp\/v2\/users\/29"}],"replies":[{"embeddable":true,"href":"https:\/\/agora.xtec.cat\/ceipturodeguiera\/wp-json\/wp\/v2\/comments?post=3951"}],"version-history":[{"count":4,"href":"https:\/\/agora.xtec.cat\/ceipturodeguiera\/wp-json\/wp\/v2\/posts\/3951\/revisions"}],"predecessor-version":[{"id":3996,"href":"https:\/\/agora.xtec.cat\/ceipturodeguiera\/wp-json\/wp\/v2\/posts\/3951\/revisions\/3996"}],"wp:attachment":[{"href":"https:\/\/agora.xtec.cat\/ceipturodeguiera\/wp-json\/wp\/v2\/media?parent=3951"}],"wp:term":[{"taxonomy":"category","embeddable":true,"href":"https:\/\/agora.xtec.cat\/ceipturodeguiera\/wp-json\/wp\/v2\/categories?post=3951"},{"taxonomy":"post_tag","embeddable":true,"href":"https:\/\/agora.xtec.cat\/ceipturodeguiera\/wp-json\/wp\/v2\/tags?post=3951"}],"curies":[{"name":"wp","href":"https:\/\/api.w.org\/{rel}","templated":true}]}}