{"id":3097,"date":"2022-04-05T12:09:14","date_gmt":"2022-04-05T10:09:14","guid":{"rendered":"https:\/\/agora.xtec.cat\/ceipturodeguiera\/?p=3097"},"modified":"2023-07-10T09:50:56","modified_gmt":"2023-07-10T07:50:56","slug":"que-hi-cap-a-cada-envas","status":"publish","type":"post","link":"https:\/\/agora.xtec.cat\/ceipturodeguiera\/exalumnes-2010\/que-hi-cap-a-cada-envas\/","title":{"rendered":"QU\u00c8 CAP A CADA ENV\u00c0S?"},"content":{"rendered":"<p><span style=\"font-weight: 400;\">Aquests dies a l\u2019escola hem fet unes activitats sobre les mesures de capacitat i volum. Hem portat a la classe envasos<a href=\"https:\/\/agora.xtec.cat\/ceipturodeguiera\/wp-content\/uploads\/usu2627\/2022\/04\/IMG_35481.jpg\"><img loading=\"lazy\" decoding=\"async\" class=\"wp-image-3100 alignleft\" src=\"https:\/\/agora.xtec.cat\/ceipturodeguiera\/wp-content\/uploads\/usu2627\/2022\/04\/IMG_35481-1024x413.jpg\" alt=\"\" width=\"563\" height=\"227\" srcset=\"https:\/\/agora.xtec.cat\/ceipturodeguiera\/wp-content\/uploads\/usu2627\/2022\/04\/IMG_35481-1024x413.jpg 1024w, https:\/\/agora.xtec.cat\/ceipturodeguiera\/wp-content\/uploads\/usu2627\/2022\/04\/IMG_35481-300x121.jpg 300w, https:\/\/agora.xtec.cat\/ceipturodeguiera\/wp-content\/uploads\/usu2627\/2022\/04\/IMG_35481-768x310.jpg 768w, https:\/\/agora.xtec.cat\/ceipturodeguiera\/wp-content\/uploads\/usu2627\/2022\/04\/IMG_35481-1536x619.jpg 1536w, https:\/\/agora.xtec.cat\/ceipturodeguiera\/wp-content\/uploads\/usu2627\/2022\/04\/IMG_35481.jpg 1632w\" sizes=\"auto, (max-width: 563px) 100vw, 563px\" \/><\/a> de diferents mides i hem mirat en les seves etiquetes la quantitat de l\u00edquid que hi cabia a dins: <em><strong>1 l, 2 l, 33 cl, 50 ml, <\/strong><\/em><\/span><em><strong>0\u20195 l, \u2026\u00a0<\/strong><\/em><\/p>\n<p><span style=\"font-weight: 400;\">Hem constru\u00eft un <strong><em>metre c\u00fabic<\/em><\/strong> per entendre millor quanta aigua hi cap al seu interior: <strong>1000 litres.<\/strong> Despr\u00e9s ens hi vam ficar unes persones per saber quantes\u00a0 s\u2019hi podien posar a dins: unes 7 persones.<\/span><\/p>\n<p><span style=\"font-weight: 400;\">Tamb\u00e9 hem descobert que\u00a0 <strong>un cm3 \u00e9s 1 ml<\/strong> i que un <strong>dm3 \u00e9s\u00a0 1 l.<\/strong><\/span><\/p>\n<p>Per \u00fatlim hem calculat amb la nostra factura d&#8217;aigua quina \u00e9s la despesa per persona i dia a casa nostra. En la factura de l&#8217;aigua el consum apareix en <em>metres c\u00fabics<\/em> i amb uns quants c\u00e0lculs hem pogut saber quanta aigua gastem al dia.<\/p>\n<p><a href=\"https:\/\/agora.xtec.cat\/ceipturodeguiera\/wp-content\/uploads\/usu2627\/2022\/04\/IMG_3531.jpg\"><img loading=\"lazy\" decoding=\"async\" class=\"wp-image-3098 alignright\" src=\"https:\/\/agora.xtec.cat\/ceipturodeguiera\/wp-content\/uploads\/usu2627\/2022\/04\/IMG_3531.jpg\" alt=\"\" width=\"477\" height=\"358\" srcset=\"https:\/\/agora.xtec.cat\/ceipturodeguiera\/wp-content\/uploads\/usu2627\/2022\/04\/IMG_3531.jpg 640w, https:\/\/agora.xtec.cat\/ceipturodeguiera\/wp-content\/uploads\/usu2627\/2022\/04\/IMG_3531-300x225.jpg 300w, https:\/\/agora.xtec.cat\/ceipturodeguiera\/wp-content\/uploads\/usu2627\/2022\/04\/IMG_3531-200x150.jpg 200w\" sizes=\"auto, (max-width: 477px) 100vw, 477px\" \/><\/a> <a href=\"https:\/\/agora.xtec.cat\/ceipturodeguiera\/wp-content\/uploads\/usu2627\/2022\/04\/IMG_3534.jpg\"><img loading=\"lazy\" decoding=\"async\" class=\"alignnone wp-image-3099\" src=\"https:\/\/agora.xtec.cat\/ceipturodeguiera\/wp-content\/uploads\/usu2627\/2022\/04\/IMG_3534.jpg\" alt=\"\" width=\"611\" height=\"458\" srcset=\"https:\/\/agora.xtec.cat\/ceipturodeguiera\/wp-content\/uploads\/usu2627\/2022\/04\/IMG_3534.jpg 640w, https:\/\/agora.xtec.cat\/ceipturodeguiera\/wp-content\/uploads\/usu2627\/2022\/04\/IMG_3534-300x225.jpg 300w, https:\/\/agora.xtec.cat\/ceipturodeguiera\/wp-content\/uploads\/usu2627\/2022\/04\/IMG_3534-200x150.jpg 200w\" sizes=\"auto, (max-width: 611px) 100vw, 611px\" \/><\/a><\/p>\n<p>&nbsp;<\/p>\n","protected":false},"excerpt":{"rendered":"<p>Aquests dies a l\u2019escola hem fet unes activitats sobre les mesures de capacitat i volum. Hem portat a la classe envasos de diferents mides i hem mirat en les seves etiquetes la quantitat de l\u00edquid que hi cabia a dins: 1 l, 2 l, 33 cl, 50 ml, 0\u20195 l, \u2026\u00a0 Hem constru\u00eft un metre [&hellip;]<\/p>\n","protected":false},"author":7,"featured_media":3100,"comment_status":"open","ping_status":"closed","sticky":false,"template":"","format":"standard","meta":{"_bbp_topic_count":0,"_bbp_reply_count":0,"_bbp_total_topic_count":0,"_bbp_total_reply_count":0,"_bbp_voice_count":0,"_bbp_anonymous_reply_count":0,"_bbp_topic_count_hidden":0,"_bbp_reply_count_hidden":0,"_bbp_forum_subforum_count":0,"site-sidebar-layout":"default","site-content-layout":"","ast-site-content-layout":"","site-content-style":"default","site-sidebar-style":"default","ast-global-header-display":"","ast-banner-title-visibility":"","ast-main-header-display":"","ast-hfb-above-header-display":"","ast-hfb-below-header-display":"","ast-hfb-mobile-header-display":"","site-post-title":"","ast-breadcrumbs-content":"","ast-featured-img":"","footer-sml-layout":"","theme-transparent-header-meta":"","adv-header-id-meta":"","stick-header-meta":"","header-above-stick-meta":"","header-main-stick-meta":"","header-below-stick-meta":"","astra-migrate-meta-layouts":"default","ast-page-background-enabled":"default","ast-page-background-meta":{"desktop":{"background-color":"var(--ast-global-color-4)","background-image":"","background-repeat":"repeat","background-position":"center center","background-size":"auto","background-attachment":"scroll","background-type":"","background-media":"","overlay-type":"","overlay-color":"","overlay-opacity":"","overlay-gradient":""},"tablet":{"background-color":"","background-image":"","background-repeat":"repeat","background-position":"center center","background-size":"auto","background-attachment":"scroll","background-type":"","background-media":"","overlay-type":"","overlay-color":"","overlay-opacity":"","overlay-gradient":""},"mobile":{"background-color":"","background-image":"","background-repeat":"repeat","background-position":"center center","background-size":"auto","background-attachment":"scroll","background-type":"","background-media":"","overlay-type":"","overlay-color":"","overlay-opacity":"","overlay-gradient":""}},"ast-content-background-meta":{"desktop":{"background-color":"var(--ast-global-color-5)","background-image":"","background-repeat":"repeat","background-position":"center center","background-size":"auto","background-attachment":"scroll","background-type":"","background-media":"","overlay-type":"","overlay-color":"","overlay-opacity":"","overlay-gradient":""},"tablet":{"background-color":"var(--ast-global-color-5)","background-image":"","background-repeat":"repeat","background-position":"center center","background-size":"auto","background-attachment":"scroll","background-type":"","background-media":"","overlay-type":"","overlay-color":"","overlay-opacity":"","overlay-gradient":""},"mobile":{"background-color":"var(--ast-global-color-5)","background-image":"","background-repeat":"repeat","background-position":"center center","background-size":"auto","background-attachment":"scroll","background-type":"","background-media":"","overlay-type":"","overlay-color":"","overlay-opacity":"","overlay-gradient":""}},"footnotes":""},"categories":[299],"tags":[],"class_list":["post-3097","post","type-post","status-publish","format-standard","has-post-thumbnail","hentry","category-exalumnes-2010"],"post_mailing_queue_ids":[],"_links":{"self":[{"href":"https:\/\/agora.xtec.cat\/ceipturodeguiera\/wp-json\/wp\/v2\/posts\/3097","targetHints":{"allow":["GET"]}}],"collection":[{"href":"https:\/\/agora.xtec.cat\/ceipturodeguiera\/wp-json\/wp\/v2\/posts"}],"about":[{"href":"https:\/\/agora.xtec.cat\/ceipturodeguiera\/wp-json\/wp\/v2\/types\/post"}],"author":[{"embeddable":true,"href":"https:\/\/agora.xtec.cat\/ceipturodeguiera\/wp-json\/wp\/v2\/users\/7"}],"replies":[{"embeddable":true,"href":"https:\/\/agora.xtec.cat\/ceipturodeguiera\/wp-json\/wp\/v2\/comments?post=3097"}],"version-history":[{"count":3,"href":"https:\/\/agora.xtec.cat\/ceipturodeguiera\/wp-json\/wp\/v2\/posts\/3097\/revisions"}],"predecessor-version":[{"id":3160,"href":"https:\/\/agora.xtec.cat\/ceipturodeguiera\/wp-json\/wp\/v2\/posts\/3097\/revisions\/3160"}],"wp:featuredmedia":[{"embeddable":true,"href":"https:\/\/agora.xtec.cat\/ceipturodeguiera\/wp-json\/wp\/v2\/media\/3100"}],"wp:attachment":[{"href":"https:\/\/agora.xtec.cat\/ceipturodeguiera\/wp-json\/wp\/v2\/media?parent=3097"}],"wp:term":[{"taxonomy":"category","embeddable":true,"href":"https:\/\/agora.xtec.cat\/ceipturodeguiera\/wp-json\/wp\/v2\/categories?post=3097"},{"taxonomy":"post_tag","embeddable":true,"href":"https:\/\/agora.xtec.cat\/ceipturodeguiera\/wp-json\/wp\/v2\/tags?post=3097"}],"curies":[{"name":"wp","href":"https:\/\/api.w.org\/{rel}","templated":true}]}}