{"id":12594,"date":"2026-02-17T12:55:00","date_gmt":"2026-02-17T11:55:00","guid":{"rendered":"https:\/\/agora.xtec.cat\/ceipturodeguiera\/?p=12594"},"modified":"2026-02-17T22:04:39","modified_gmt":"2026-02-17T21:04:39","slug":"carnestoltes-al-turo-de-guiera","status":"publish","type":"post","link":"https:\/\/agora.xtec.cat\/ceipturodeguiera\/primaria\/5e\/carnestoltes-al-turo-de-guiera\/","title":{"rendered":"Carnestoltes al Tur\u00f3 de Guiera (5\u00e8 B)"},"content":{"rendered":"\n<p class=\"has-text-align-center\"><\/p>\n\n\n\n<p class=\"has-text-align-center\">&nbsp;&nbsp;&nbsp;&nbsp;&nbsp;&nbsp;&nbsp;&nbsp;&nbsp;&nbsp;&nbsp;&nbsp;&nbsp;&nbsp;&nbsp;&nbsp;&nbsp;&nbsp;&nbsp;&nbsp;&nbsp;&nbsp;&nbsp;&nbsp;&nbsp;&nbsp;&nbsp;&nbsp;&nbsp;&nbsp;&nbsp;&nbsp;<\/p>\n\n\n\n<p class=\"has-text-align-center\">&nbsp;&nbsp;&nbsp;La setmana passada, vam celebrar el Carnestoltes a l&#8217;escola i, malgrat la pluja, ens ho vam passar molt b\u00e9 i vam fer diferents activitats!<\/p>\n\n\n\n<p>DIMARTS:<\/p>\n\n\n\n<p class=\"has-text-align-left\">El dimarts 10 de febrer va ser un dia normal i corrent al Tur\u00f3, excepte a la tarda. Va ser aleshores quan va haver-hi el Preg\u00f3 .Vam baixar tots els nens i nenes de l\u2019escola juntament amb el professorat, assistents de neteja\u2026i ens vam adonar&nbsp; que faltava sis\u00e8. De sobte, es van escoltar uns tambors: ja entrava la batucada! Com cada any,&nbsp; entr\u00e0 amb el Carnestoltes, rei dels poca soltes i el rei de la festa!!&nbsp; Quan van acabar de fer la volta a la pista, ens van explicar que aquest any ten\u00edem unes consignes meravelloses: el primer dia portar roba de diferents estils, el segon&nbsp; vestir com adults-es i ,el divendres, anar amb la disfressa tot el dia<\/p>\n\n\n\n<p>Despr\u00e9s del gran preg\u00f3, tothom vam ballar&nbsp; i ens ho vam passar molt b\u00e9!<\/p>\n\n\n\n<p>&nbsp;DIMECRES<\/p>\n\n\n\n<p>El dimecres 11 va ser un dia on,en&nbsp; entrar a l\u2019escola, vam veure&nbsp; sabates de diferents colors o estils, una faldilla abaix i una samarreta a dalt d\u2019esport, pijames\u2026 i tamb\u00e9 pentinats sense sentit, una passada! Va ser un dia poc normal&nbsp; : tot un xiringuito !<\/p>\n\n\n\n<p>&nbsp;&nbsp;&nbsp;&nbsp;DIJOUS:<\/p>\n\n\n\n<p>El dijous no vam poder anar a l\u2019escola perqu\u00e8&nbsp; havia fortes ventades. Va ser una ll\u00e0stima perqu\u00e8 la consigna era molt bona .<\/p>\n\n\n\n<p>&nbsp;&nbsp;&nbsp;DIVENDRES, DIA DE LES DISFRESSES!<\/p>\n\n\n\n<p>El divendres 13 era el dia m\u00e9s divertit i emocionant del mes per a tota l\u2019escola. Quan tothom va entrar-hi pel mat\u00ed,&nbsp; hi havia disfresses de tot tipus com ara alguns&nbsp; dels anys vuitanta, de presoners, de ca\u00e7afantasmes ,de dinosaures\u2026! Hi havia molta variaci\u00f3 i era molt divertit.&nbsp;Al menjador tamb\u00e9 es va fer una gran desfilada.<\/p>\n\n\n\n<p>Ja per la tarda i a causa de la pluja, les fam\u00edlies&nbsp; no van poder venir al judici del Carnestoltes. Tot i aix\u00ed, es ca dictar sent\u00e8ncia i va ser indultat!&nbsp; Per acabar la festa, vam tornar a ballar tothom plegat!<\/p>\n\n\n\n<figure class=\"wp-block-image size-large\"><a href=\"https:\/\/agora.xtec.cat\/ceipturodeguiera\/wp-content\/uploads\/usu2627\/2026\/02\/Foto-article.jpg\"><img loading=\"lazy\" decoding=\"async\" width=\"1024\" height=\"473\" src=\"https:\/\/agora.xtec.cat\/ceipturodeguiera\/wp-content\/uploads\/usu2627\/2026\/02\/Foto-article-1024x473.jpg\" alt=\"\" class=\"wp-image-12601\" srcset=\"https:\/\/agora.xtec.cat\/ceipturodeguiera\/wp-content\/uploads\/usu2627\/2026\/02\/Foto-article-1024x473.jpg 1024w, https:\/\/agora.xtec.cat\/ceipturodeguiera\/wp-content\/uploads\/usu2627\/2026\/02\/Foto-article-300x139.jpg 300w, https:\/\/agora.xtec.cat\/ceipturodeguiera\/wp-content\/uploads\/usu2627\/2026\/02\/Foto-article-768x355.jpg 768w, https:\/\/agora.xtec.cat\/ceipturodeguiera\/wp-content\/uploads\/usu2627\/2026\/02\/Foto-article.jpg 1299w\" sizes=\"auto, (max-width: 1024px) 100vw, 1024px\" \/><\/a><\/figure>\n","protected":false},"excerpt":{"rendered":"<p>&nbsp;&nbsp;&nbsp;&nbsp;&nbsp;&nbsp;&nbsp;&nbsp;&nbsp;&nbsp;&nbsp;&nbsp;&nbsp;&nbsp;&nbsp;&nbsp;&nbsp;&nbsp;&nbsp;&nbsp;&nbsp;&nbsp;&nbsp;&nbsp;&nbsp;&nbsp;&nbsp;&nbsp;&nbsp;&nbsp;&nbsp;&nbsp; &nbsp;&nbsp;&nbsp;La setmana passada, vam celebrar el Carnestoltes a l&#8217;escola i, malgrat la pluja, ens ho vam passar molt b\u00e9 i vam fer diferents activitats! DIMARTS: El dimarts 10 de febrer va ser un dia normal i corrent al Tur\u00f3, excepte a la tarda. Va ser aleshores quan va haver-hi el Preg\u00f3 .Vam baixar tots [&hellip;]<\/p>\n","protected":false},"author":29,"featured_media":12601,"comment_status":"open","ping_status":"open","sticky":false,"template":"","format":"standard","meta":{"_bbp_topic_count":0,"_bbp_reply_count":0,"_bbp_total_topic_count":0,"_bbp_total_reply_count":0,"_bbp_voice_count":0,"_bbp_anonymous_reply_count":0,"_bbp_topic_count_hidden":0,"_bbp_reply_count_hidden":0,"_bbp_forum_subforum_count":0,"site-sidebar-layout":"default","site-content-layout":"","ast-site-content-layout":"default","site-content-style":"default","site-sidebar-style":"default","ast-global-header-display":"","ast-banner-title-visibility":"","ast-main-header-display":"","ast-hfb-above-header-display":"","ast-hfb-below-header-display":"","ast-hfb-mobile-header-display":"","site-post-title":"","ast-breadcrumbs-content":"","ast-featured-img":"","footer-sml-layout":"","theme-transparent-header-meta":"","adv-header-id-meta":"","stick-header-meta":"","header-above-stick-meta":"","header-main-stick-meta":"","header-below-stick-meta":"","astra-migrate-meta-layouts":"set","ast-page-background-enabled":"default","ast-page-background-meta":{"desktop":{"background-color":"var(--ast-global-color-4)","background-image":"","background-repeat":"repeat","background-position":"center center","background-size":"auto","background-attachment":"scroll","background-type":"","background-media":"","overlay-type":"","overlay-color":"","overlay-opacity":"","overlay-gradient":""},"tablet":{"background-color":"","background-image":"","background-repeat":"repeat","background-position":"center center","background-size":"auto","background-attachment":"scroll","background-type":"","background-media":"","overlay-type":"","overlay-color":"","overlay-opacity":"","overlay-gradient":""},"mobile":{"background-color":"","background-image":"","background-repeat":"repeat","background-position":"center center","background-size":"auto","background-attachment":"scroll","background-type":"","background-media":"","overlay-type":"","overlay-color":"","overlay-opacity":"","overlay-gradient":""}},"ast-content-background-meta":{"desktop":{"background-color":"var(--ast-global-color-5)","background-image":"","background-repeat":"repeat","background-position":"center center","background-size":"auto","background-attachment":"scroll","background-type":"","background-media":"","overlay-type":"","overlay-color":"","overlay-opacity":"","overlay-gradient":""},"tablet":{"background-color":"var(--ast-global-color-5)","background-image":"","background-repeat":"repeat","background-position":"center center","background-size":"auto","background-attachment":"scroll","background-type":"","background-media":"","overlay-type":"","overlay-color":"","overlay-opacity":"","overlay-gradient":""},"mobile":{"background-color":"var(--ast-global-color-5)","background-image":"","background-repeat":"repeat","background-position":"center center","background-size":"auto","background-attachment":"scroll","background-type":"","background-media":"","overlay-type":"","overlay-color":"","overlay-opacity":"","overlay-gradient":""}},"footnotes":""},"categories":[11],"tags":[221],"class_list":["post-12594","post","type-post","status-publish","format-standard","has-post-thumbnail","hentry","category-5e","tag-carnestoltes"],"post_mailing_queue_ids":[],"_links":{"self":[{"href":"https:\/\/agora.xtec.cat\/ceipturodeguiera\/wp-json\/wp\/v2\/posts\/12594","targetHints":{"allow":["GET"]}}],"collection":[{"href":"https:\/\/agora.xtec.cat\/ceipturodeguiera\/wp-json\/wp\/v2\/posts"}],"about":[{"href":"https:\/\/agora.xtec.cat\/ceipturodeguiera\/wp-json\/wp\/v2\/types\/post"}],"author":[{"embeddable":true,"href":"https:\/\/agora.xtec.cat\/ceipturodeguiera\/wp-json\/wp\/v2\/users\/29"}],"replies":[{"embeddable":true,"href":"https:\/\/agora.xtec.cat\/ceipturodeguiera\/wp-json\/wp\/v2\/comments?post=12594"}],"version-history":[{"count":3,"href":"https:\/\/agora.xtec.cat\/ceipturodeguiera\/wp-json\/wp\/v2\/posts\/12594\/revisions"}],"predecessor-version":[{"id":12604,"href":"https:\/\/agora.xtec.cat\/ceipturodeguiera\/wp-json\/wp\/v2\/posts\/12594\/revisions\/12604"}],"wp:featuredmedia":[{"embeddable":true,"href":"https:\/\/agora.xtec.cat\/ceipturodeguiera\/wp-json\/wp\/v2\/media\/12601"}],"wp:attachment":[{"href":"https:\/\/agora.xtec.cat\/ceipturodeguiera\/wp-json\/wp\/v2\/media?parent=12594"}],"wp:term":[{"taxonomy":"category","embeddable":true,"href":"https:\/\/agora.xtec.cat\/ceipturodeguiera\/wp-json\/wp\/v2\/categories?post=12594"},{"taxonomy":"post_tag","embeddable":true,"href":"https:\/\/agora.xtec.cat\/ceipturodeguiera\/wp-json\/wp\/v2\/tags?post=12594"}],"curies":[{"name":"wp","href":"https:\/\/api.w.org\/{rel}","templated":true}]}}