{"id":12137,"date":"2025-12-17T22:12:45","date_gmt":"2025-12-17T21:12:45","guid":{"rendered":"https:\/\/agora.xtec.cat\/ceipturodeguiera\/?p=12137"},"modified":"2025-12-17T22:15:27","modified_gmt":"2025-12-17T21:15:27","slug":"anem-al-palau-de-la-musica","status":"publish","type":"post","link":"https:\/\/agora.xtec.cat\/ceipturodeguiera\/primaria\/5e\/anem-al-palau-de-la-musica\/","title":{"rendered":"Anem al Palau de la M\u00fasica"},"content":{"rendered":"\n<p><strong>El dia 5\/12\/2025, els nois i noies de 5\u00e8 hem anat al Palau de la M\u00fasica per veure un espectacle de Gustav Mahler.<\/strong><\/p>\n\n\n\n<p class=\"has-black-color has-text-color has-link-color wp-elements-386f09916abaea7a79dbafdad2b4dbd3\"><strong>Nom\u00e9s arribar ,ens vam fixar en els detalls&nbsp; del Palau: la seva fa\u00e7ana, columnes i decoraci\u00f3 externa. Era s\u00faper bonic. Hi havia molta gent i altres escoles.<\/strong><\/p>\n\n\n\n<p><strong>M\u00e9s tard, vam entrar i vam escoltar m\u00fasica del Gustav Mahler: hi havien&nbsp; cinc o sis nois\/es tocant instruments a la vegada que cantaven \u00f3pera i ballaven una mica. Va ser molt entretingut i curi\u00f3s.<\/strong><\/p>\n\n\n\n<p><strong>En acabar, vam agafar l\u00b4autocar per anar a&nbsp; dinar a un parc que era molt xulo: hi havien uns tobogans molt llargs, un matal\u00e0s,unes xarxes&#8230; Al costat, hi havia una mena de riu amb \u00e0necs ( el riu era verd ,ecsssssss!).<\/strong><\/p>\n\n\n\n<p><strong>Ens ho hem passat de f\u00e0bula. Esperem que en totes les excursions ens ho passem tan b\u00e9 com en aquesta.<\/strong><\/p>\n\n\n\n<figure class=\"wp-block-image size-large\"><a href=\"https:\/\/agora.xtec.cat\/ceipturodeguiera\/wp-content\/uploads\/usu2627\/2025\/12\/PM1.jpg\"><img loading=\"lazy\" decoding=\"async\" width=\"768\" height=\"1024\" src=\"https:\/\/agora.xtec.cat\/ceipturodeguiera\/wp-content\/uploads\/usu2627\/2025\/12\/PM1-768x1024.jpg\" alt=\"\" class=\"wp-image-12202\" srcset=\"https:\/\/agora.xtec.cat\/ceipturodeguiera\/wp-content\/uploads\/usu2627\/2025\/12\/PM1-768x1024.jpg 768w, https:\/\/agora.xtec.cat\/ceipturodeguiera\/wp-content\/uploads\/usu2627\/2025\/12\/PM1-225x300.jpg 225w, https:\/\/agora.xtec.cat\/ceipturodeguiera\/wp-content\/uploads\/usu2627\/2025\/12\/PM1-1152x1536.jpg 1152w, https:\/\/agora.xtec.cat\/ceipturodeguiera\/wp-content\/uploads\/usu2627\/2025\/12\/PM1.jpg 1200w\" sizes=\"auto, (max-width: 768px) 100vw, 768px\" \/><\/a><\/figure>\n\n\n\n<p><\/p>\n","protected":false},"excerpt":{"rendered":"<p>El dia 5\/12\/2025, els nois i noies de 5\u00e8 hem anat al Palau de la M\u00fasica per veure un espectacle de Gustav Mahler. Nom\u00e9s arribar ,ens vam fixar en els detalls&nbsp; del Palau: la seva fa\u00e7ana, columnes i decoraci\u00f3 externa. Era s\u00faper bonic. Hi havia molta gent i altres escoles. M\u00e9s tard, vam entrar i [&hellip;]<\/p>\n","protected":false},"author":29,"featured_media":12201,"comment_status":"open","ping_status":"open","sticky":false,"template":"","format":"standard","meta":{"_bbp_topic_count":0,"_bbp_reply_count":0,"_bbp_total_topic_count":0,"_bbp_total_reply_count":0,"_bbp_voice_count":0,"_bbp_anonymous_reply_count":0,"_bbp_topic_count_hidden":0,"_bbp_reply_count_hidden":0,"_bbp_forum_subforum_count":0,"site-sidebar-layout":"default","site-content-layout":"","ast-site-content-layout":"","site-content-style":"default","site-sidebar-style":"default","ast-global-header-display":"","ast-banner-title-visibility":"","ast-main-header-display":"","ast-hfb-above-header-display":"","ast-hfb-below-header-display":"","ast-hfb-mobile-header-display":"","site-post-title":"","ast-breadcrumbs-content":"","ast-featured-img":"","footer-sml-layout":"","theme-transparent-header-meta":"","adv-header-id-meta":"","stick-header-meta":"","header-above-stick-meta":"","header-main-stick-meta":"","header-below-stick-meta":"","astra-migrate-meta-layouts":"default","ast-page-background-enabled":"default","ast-page-background-meta":{"desktop":{"background-color":"var(--ast-global-color-4)","background-image":"","background-repeat":"repeat","background-position":"center center","background-size":"auto","background-attachment":"scroll","background-type":"","background-media":"","overlay-type":"","overlay-color":"","overlay-opacity":"","overlay-gradient":""},"tablet":{"background-color":"","background-image":"","background-repeat":"repeat","background-position":"center center","background-size":"auto","background-attachment":"scroll","background-type":"","background-media":"","overlay-type":"","overlay-color":"","overlay-opacity":"","overlay-gradient":""},"mobile":{"background-color":"","background-image":"","background-repeat":"repeat","background-position":"center center","background-size":"auto","background-attachment":"scroll","background-type":"","background-media":"","overlay-type":"","overlay-color":"","overlay-opacity":"","overlay-gradient":""}},"ast-content-background-meta":{"desktop":{"background-color":"var(--ast-global-color-5)","background-image":"","background-repeat":"repeat","background-position":"center center","background-size":"auto","background-attachment":"scroll","background-type":"","background-media":"","overlay-type":"","overlay-color":"","overlay-opacity":"","overlay-gradient":""},"tablet":{"background-color":"var(--ast-global-color-5)","background-image":"","background-repeat":"repeat","background-position":"center center","background-size":"auto","background-attachment":"scroll","background-type":"","background-media":"","overlay-type":"","overlay-color":"","overlay-opacity":"","overlay-gradient":""},"mobile":{"background-color":"var(--ast-global-color-5)","background-image":"","background-repeat":"repeat","background-position":"center center","background-size":"auto","background-attachment":"scroll","background-type":"","background-media":"","overlay-type":"","overlay-color":"","overlay-opacity":"","overlay-gradient":""}},"footnotes":""},"categories":[11,213],"tags":[],"class_list":["post-12137","post","type-post","status-publish","format-standard","has-post-thumbnail","hentry","category-5e","category-sortides"],"post_mailing_queue_ids":[],"_links":{"self":[{"href":"https:\/\/agora.xtec.cat\/ceipturodeguiera\/wp-json\/wp\/v2\/posts\/12137","targetHints":{"allow":["GET"]}}],"collection":[{"href":"https:\/\/agora.xtec.cat\/ceipturodeguiera\/wp-json\/wp\/v2\/posts"}],"about":[{"href":"https:\/\/agora.xtec.cat\/ceipturodeguiera\/wp-json\/wp\/v2\/types\/post"}],"author":[{"embeddable":true,"href":"https:\/\/agora.xtec.cat\/ceipturodeguiera\/wp-json\/wp\/v2\/users\/29"}],"replies":[{"embeddable":true,"href":"https:\/\/agora.xtec.cat\/ceipturodeguiera\/wp-json\/wp\/v2\/comments?post=12137"}],"version-history":[{"count":2,"href":"https:\/\/agora.xtec.cat\/ceipturodeguiera\/wp-json\/wp\/v2\/posts\/12137\/revisions"}],"predecessor-version":[{"id":12203,"href":"https:\/\/agora.xtec.cat\/ceipturodeguiera\/wp-json\/wp\/v2\/posts\/12137\/revisions\/12203"}],"wp:featuredmedia":[{"embeddable":true,"href":"https:\/\/agora.xtec.cat\/ceipturodeguiera\/wp-json\/wp\/v2\/media\/12201"}],"wp:attachment":[{"href":"https:\/\/agora.xtec.cat\/ceipturodeguiera\/wp-json\/wp\/v2\/media?parent=12137"}],"wp:term":[{"taxonomy":"category","embeddable":true,"href":"https:\/\/agora.xtec.cat\/ceipturodeguiera\/wp-json\/wp\/v2\/categories?post=12137"},{"taxonomy":"post_tag","embeddable":true,"href":"https:\/\/agora.xtec.cat\/ceipturodeguiera\/wp-json\/wp\/v2\/tags?post=12137"}],"curies":[{"name":"wp","href":"https:\/\/api.w.org\/{rel}","templated":true}]}}