{"id":12115,"date":"2025-12-03T14:19:18","date_gmt":"2025-12-03T13:19:18","guid":{"rendered":"https:\/\/agora.xtec.cat\/ceipturodeguiera\/?p=12115"},"modified":"2025-12-03T14:19:18","modified_gmt":"2025-12-03T13:19:18","slug":"taller-affac-qui-decideix-com-ens-hem-de-veure","status":"publish","type":"post","link":"https:\/\/agora.xtec.cat\/ceipturodeguiera\/afi\/taller-affac-qui-decideix-com-ens-hem-de-veure\/","title":{"rendered":"Taller AFFAc: Qui decideix com ens hem de veure?"},"content":{"rendered":"\n<p>Benvolgudes fam\u00edlies,<\/p>\n\n\n\n<p>Aquest desembre us convidem a un cicle de xerrades en l\u00ednia organitzat per l\u2019AFFAC per reflexionar sobre la pressi\u00f3 est\u00e8tica i el seu impacte en infants i adolescents. Parlarem de com podem acompanyar-los per construir una relaci\u00f3 sana amb el propi cos i una autoestima positiva.<\/p>\n\n\n\n<p>\u270b\ud83c\udffcHem preparat cinc sessions pr\u00e0ctiques i molt \u00fatils, pensades per oferir-vos eines, recursos i espais de reflexi\u00f3:<br>\ud83d\uddd3\ufe0f Programaci\u00f3 de xerrades<\/p>\n\n\n\n<ol class=\"wp-block-list\">\n<li>Qui decideix com ens hem de veure?<br>11\/12\/25 \u2013 10:00 a 12:00<br>Comprendre qu\u00e8 \u00e9s la pressi\u00f3 est\u00e8tica i com ens afecta com a fam\u00edlies.<br>\ud83d\udc49 Inscripci\u00f3: https:\/\/affac.cat\/affac\/parlem-pressio-estetica\/?portfolioCats=162<\/li>\n\n\n\n<li>Pressi\u00f3 est\u00e8tica i grassof\u00f2bia en l\u2019adolesc\u00e8ncia<br>15\/12\/25 \u2013 17:30 a 19:30<br>Eines per fomentar relacions respectuoses amb la diversitat corporal.<br>\ud83d\udc49 Inscripci\u00f3: https:\/\/affac.cat\/affac\/pressio-estetica-grassofobia-adolescencia\/?portfolioCats=163<\/li>\n\n\n\n<li>Prevenir els trastorns de la conducta aliment\u00e0ria (TCA) des de casa<br>16\/12\/25 \u2013 17:30 a 19:30<br>Factors de risc, senyals d\u2019alerta i com actuar com a fam\u00edlia.<br>\ud83d\udc49 Inscripci\u00f3: https:\/\/affac.cat\/affac\/prevenim-tca-casa\/?portfolioCats=163<\/li>\n\n\n\n<li>Miralls masculins: la pressi\u00f3 est\u00e8tica en els nois<br>17\/12\/25 \u2013 17:30 a 19:30<br>Com viuen la pressi\u00f3 est\u00e8tica els nois i com podem acompanyar-los.<br>\ud83d\udc49 Inscripci\u00f3: https:\/\/affac.cat\/affac\/miralls-masculins-pressio-estetica\/?portfolioCats=162<\/li>\n\n\n\n<li>Qu\u00e8 veuen els infants quan es miren al mirall? (0\u201312 anys)<br>19\/12\/25 \u2013 10:00 a 12:00<br>Quins factors influeixen en la imatge corporal dels infants.<br>\ud83d\udc49 Inscripci\u00f3: https:\/\/affac.cat\/affac\/pressio-estetica-infants\/?portfolioCats=162<\/li>\n<\/ol>\n\n\n\n<p>\ud83d\udce3Us animem a participar-hi! S\u00f3n xerrades molt enriquidores per entendre qu\u00e8 viuen els infants i adolescents i com podem donar-los un suport proper, segur i tranquil.<br>\u2665\ufe0f Us hi esperem!<\/p>\n","protected":false},"excerpt":{"rendered":"<p>Benvolgudes fam\u00edlies, Aquest desembre us convidem a un cicle de xerrades en l\u00ednia organitzat per l\u2019AFFAC per reflexionar sobre la pressi\u00f3 est\u00e8tica i el seu impacte en infants i adolescents. Parlarem de com podem acompanyar-los per construir una relaci\u00f3 sana amb el propi cos i una autoestima positiva. \u270b\ud83c\udffcHem preparat cinc sessions pr\u00e0ctiques i molt [&hellip;]<\/p>\n","protected":false},"author":6,"featured_media":0,"comment_status":"open","ping_status":"open","sticky":false,"template":"","format":"standard","meta":{"_bbp_topic_count":0,"_bbp_reply_count":0,"_bbp_total_topic_count":0,"_bbp_total_reply_count":0,"_bbp_voice_count":0,"_bbp_anonymous_reply_count":0,"_bbp_topic_count_hidden":0,"_bbp_reply_count_hidden":0,"_bbp_forum_subforum_count":0,"site-sidebar-layout":"default","site-content-layout":"","ast-site-content-layout":"","site-content-style":"default","site-sidebar-style":"default","ast-global-header-display":"","ast-banner-title-visibility":"","ast-main-header-display":"","ast-hfb-above-header-display":"","ast-hfb-below-header-display":"","ast-hfb-mobile-header-display":"","site-post-title":"","ast-breadcrumbs-content":"","ast-featured-img":"","footer-sml-layout":"","theme-transparent-header-meta":"","adv-header-id-meta":"","stick-header-meta":"","header-above-stick-meta":"","header-main-stick-meta":"","header-below-stick-meta":"","astra-migrate-meta-layouts":"default","ast-page-background-enabled":"default","ast-page-background-meta":{"desktop":{"background-color":"var(--ast-global-color-4)","background-image":"","background-repeat":"repeat","background-position":"center center","background-size":"auto","background-attachment":"scroll","background-type":"","background-media":"","overlay-type":"","overlay-color":"","overlay-opacity":"","overlay-gradient":""},"tablet":{"background-color":"","background-image":"","background-repeat":"repeat","background-position":"center center","background-size":"auto","background-attachment":"scroll","background-type":"","background-media":"","overlay-type":"","overlay-color":"","overlay-opacity":"","overlay-gradient":""},"mobile":{"background-color":"","background-image":"","background-repeat":"repeat","background-position":"center center","background-size":"auto","background-attachment":"scroll","background-type":"","background-media":"","overlay-type":"","overlay-color":"","overlay-opacity":"","overlay-gradient":""}},"ast-content-background-meta":{"desktop":{"background-color":"var(--ast-global-color-5)","background-image":"","background-repeat":"repeat","background-position":"center center","background-size":"auto","background-attachment":"scroll","background-type":"","background-media":"","overlay-type":"","overlay-color":"","overlay-opacity":"","overlay-gradient":""},"tablet":{"background-color":"var(--ast-global-color-5)","background-image":"","background-repeat":"repeat","background-position":"center center","background-size":"auto","background-attachment":"scroll","background-type":"","background-media":"","overlay-type":"","overlay-color":"","overlay-opacity":"","overlay-gradient":""},"mobile":{"background-color":"var(--ast-global-color-5)","background-image":"","background-repeat":"repeat","background-position":"center center","background-size":"auto","background-attachment":"scroll","background-type":"","background-media":"","overlay-type":"","overlay-color":"","overlay-opacity":"","overlay-gradient":""}},"footnotes":""},"categories":[301],"tags":[],"class_list":["post-12115","post","type-post","status-publish","format-standard","hentry","category-afi"],"post_mailing_queue_ids":[],"_links":{"self":[{"href":"https:\/\/agora.xtec.cat\/ceipturodeguiera\/wp-json\/wp\/v2\/posts\/12115","targetHints":{"allow":["GET"]}}],"collection":[{"href":"https:\/\/agora.xtec.cat\/ceipturodeguiera\/wp-json\/wp\/v2\/posts"}],"about":[{"href":"https:\/\/agora.xtec.cat\/ceipturodeguiera\/wp-json\/wp\/v2\/types\/post"}],"author":[{"embeddable":true,"href":"https:\/\/agora.xtec.cat\/ceipturodeguiera\/wp-json\/wp\/v2\/users\/6"}],"replies":[{"embeddable":true,"href":"https:\/\/agora.xtec.cat\/ceipturodeguiera\/wp-json\/wp\/v2\/comments?post=12115"}],"version-history":[{"count":1,"href":"https:\/\/agora.xtec.cat\/ceipturodeguiera\/wp-json\/wp\/v2\/posts\/12115\/revisions"}],"predecessor-version":[{"id":12116,"href":"https:\/\/agora.xtec.cat\/ceipturodeguiera\/wp-json\/wp\/v2\/posts\/12115\/revisions\/12116"}],"wp:attachment":[{"href":"https:\/\/agora.xtec.cat\/ceipturodeguiera\/wp-json\/wp\/v2\/media?parent=12115"}],"wp:term":[{"taxonomy":"category","embeddable":true,"href":"https:\/\/agora.xtec.cat\/ceipturodeguiera\/wp-json\/wp\/v2\/categories?post=12115"},{"taxonomy":"post_tag","embeddable":true,"href":"https:\/\/agora.xtec.cat\/ceipturodeguiera\/wp-json\/wp\/v2\/tags?post=12115"}],"curies":[{"name":"wp","href":"https:\/\/api.w.org\/{rel}","templated":true}]}}