{"id":12072,"date":"2025-12-01T10:53:08","date_gmt":"2025-12-01T09:53:08","guid":{"rendered":"https:\/\/agora.xtec.cat\/ceipturodeguiera\/?p=12072"},"modified":"2025-12-01T10:53:08","modified_gmt":"2025-12-01T09:53:08","slug":"amiant-omplim-lateneu-dimecres-3-desembre-17-h","status":"publish","type":"post","link":"https:\/\/agora.xtec.cat\/ceipturodeguiera\/afi\/amiant-omplim-lateneu-dimecres-3-desembre-17-h\/","title":{"rendered":"Amiant: Omplim l&#8217;Ateneu dimecres 3 desembre 17 h"},"content":{"rendered":"\n<p>A Cerdanyola <strong>el 65% dels centres educatius tenen elements constructius amb amiant<\/strong>, amb el risc que aix\u00f2 comporta per la salut d&#8217;infants i treballadors.&nbsp;<\/p>\n\n\n\n<p>En algunes escoles, l&#8217;amiant ha estat confinat en el passat, per\u00f2 \u00e9s dubt\u00f3s el seu estat per la <strong>falta de manteniment i de controls.<\/strong>&nbsp;<\/p>\n\n\n\n<p>La PAC ha aconseguit el reconeixement del problema, per\u00f2 no tenim la planificaci\u00f3 pressupost\u00e0ria necess\u00e0ria per retirar i reparar les escoles amb amiant.&nbsp; Tampoc tenim cap <strong>valoraci\u00f3 del risc actual<\/strong> <strong>mentre esperem la retirada definitiva<\/strong>.<\/p>\n\n\n\n<p><strong>Us demanem fer front com\u00fa com a comunitat educativa <\/strong>contra aquesta problem\u00e0tica.<\/p>\n\n\n\n<p><strong>Primer, omplint l&#8217;Ateneu aquest dimecres 3 de desembre a les 17\u202fh<\/strong> on es projectar\u00e0 La Fibra Sensible, documental sobre la problem\u00e0tica de l&#8217;amiant, amb taula rodona posterior. Aquest esdeveniment \u00e9s la nostra oportunitat per fer visible la situaci\u00f3 i deixar clar que ens preocupa com a afectats.<\/p>\n\n\n\n<p><strong>I segon<\/strong>, <strong>coneixent b\u00e9 la situaci\u00f3 i l&#8217;estat de l\u2019amiant dels vostres centres<\/strong>, nom\u00e9s d\u2019aquesta manera els podem defensar (vegeu taula centres educatius afectats).<\/p>\n\n\n\n<p>\u00c9s responsabilitat nostra com a fam\u00edlies, treballadors\/es i ciutadania, pressionar per l&#8217;erradicaci\u00f3 de l&#8217;amiant dels edificis i empla\u00e7aments. Per aix\u00f2 us necessitem presents aquest dimecres.<\/p>\n\n\n\n<p>Anem juntes per demostrar la for\u00e7a que tenim com a col\u00b7lectiu!<\/p>\n\n\n\n<p><strong>Taula resum amb els centres afectats per amiant<\/strong> (Font: <a href=\"https:\/\/www.cerdanyola.cat\/sites\/default\/files\/cens_amiant_censurado.pdf\" rel=\"noreferrer noopener\" target=\"_blank\">https:\/\/www.cerdanyola.cat\/sites\/default\/files\/cens_amiant_censurado.pdf<\/a>)<\/p>\n\n\n\n<figure class=\"wp-block-table\"><table class=\"has-fixed-layout\"><tbody><tr><td><strong>ESCOLA BRESSOL 2\/3<\/strong><\/td><td><strong>Data retirada<\/strong><\/td><td><strong>Elements amb amiant<\/strong><\/td><\/tr><tr><td>Cordelles<\/td><td>abans 2027<\/td><td>-Xemeneies i sortides de fums exterior.-Dip\u00f2sit d\u2019aigua d\u2019amiant-ciment: exterior.<\/td><\/tr><tr><td>Montflorit<\/td><td>abans 2028<\/td><td>-Canonada de fibrociment (a la coberta).<\/td><\/tr><\/tbody><\/table><\/figure>\n\n\n\n<figure class=\"wp-block-table\"><table class=\"has-fixed-layout\"><thead><tr><th>ESCOLES PRIM\u00c0RIA 7\/10<\/th><th><\/th><th><\/th><\/tr><\/thead><tbody><tr><td>Carles Bu\u00efgas<\/td><td>abans 2027<\/td><td>-Es detecten afloraments de restes petites d&#8217;amiant al pati no accesible als alumnes.<\/td><\/tr><tr><td>Bellaterra<\/td><td>abans 2028<\/td><td>-Plaques d&#8217;amiant-ciment en interior \/ exterior.-Juntes d&#8217;uni\u00f3, cordons.<\/td><\/tr><tr><td>Sant Mart\u00ed<\/td><td>abans 2028<\/td><td>-Colze de fibrociment de 180 mm de di\u00e0metre que es troba en el fals sostre.-Tub de fibrociment de 60 mm de di\u00e0metre. Element situat al pati.-Dues unitats de colze passamurs de fibrociment de 120 mm de di\u00e0metre,<\/td><\/tr><tr><td>Xarau<\/td><td>abans 2028<\/td><td>-Edifici infantil \u2013 visible a l&#8217;interior i exterior: Juntes vidres.-Zona jard\u00ed annex a l&#8217;edifici infantil \u2013 visible a l&#8217;exterior: Fragments de fibrociment.-Zona jard\u00ed darrera edifici mitjans \u2013 visible a l\u00b4exterior: Fragments de fibrociment.-A fa\u00e7ana d\u00b4edifici mitjans: Juntes vidres.-Edifici Mitjans a PB i P+1 \u2013 interior i visible: Paviment i revestiment vin\u00edlic.-A coberta a sala caldera \u2013 interior i visible: Plaques ondulades de fibrociment.-A coberta d\u00b4edifici principal \u2013 exterior i visible: Material bitumin\u00f3s juntes dilataci\u00f3.-A coberta d\u00b4edifici principal \u2013 exterior i visible: Membrana asfaltica.-A edifici principal a sala caldera \u2013 visible e interior: Juntes caldera.-A edifici principal al quadre el\u00e8ctric \u2013 No visible e interior: Fusibles el\u00e8ctrics.-A edifici caldera d\u00b4infantil \u2013 visible e interior: Juntes caldera canonades.<\/td><\/tr><tr><td>Tur\u00f3 de Guiera<\/td><td>abans 2028<\/td><td>-A l\u00b4aula laboratori dins un calaix \u2013 interior y visible si s\u00b4obre el calaix: Cartr\u00f3 amiant-Als passad\u00eds, paviment de l\u00b4edifici a la P+1 i PB: Material bitumin\u00f3s de les juntes de dilataci\u00f3-Al menjador a la PB: Paviment vin\u00edlic-Sala maquin\u00e0ria ascensor \u2013 interior i semiocult: Tub de fibrociment<\/td><\/tr><tr><td>Serraparera<\/td><td>abans 2028<\/td><td>-Pati llums edifici principal, visible i exterior: Tram de canonada de fibrociment.-1 planta toilet teachers interior i visible: Canonada de fibrociment-A tots els forjats de l\u00b4edifici principal. Interior i ocult: \u201cParapastas\u201d de fibrociment-Al forjats de l\u00b4edifici administraci\u00f3. Interior i ocult: \u201cParapastas\u201d de fibrociment-A coberta de gimn\u00e0s a l\u00b4exterior i visible: Sortida fums caldera de fibrociment-Coberta gimn\u00e0s. Parcialment visible, interior i exterior: Plaques de coberta de fibrociment-Sala caldera gimn\u00e0s, interior i visible: dip\u00f2sit de fibrociment-Sala caldera edifici principal, interior i visible: Juntes de cartr\u00f3 \u201camiant\u201d<\/td><\/tr><tr><td>La S\u00ednia (municipal)<br><br><br>La S\u00ednia infantil<\/td><td>abans 2028<br><br><br>abans 2027<\/td><td>-Plaques d&#8217;amiant-ciment en interior \/ exterior.-Calorifugats, projectats: estructures, pilars, parets, sostres<br><br>-Manca analitzar juntes caldera i portes PF.<\/td><\/tr><\/tbody><\/table><\/figure>\n\n\n\n<figure class=\"wp-block-table\"><table class=\"has-fixed-layout\"><tbody><tr><td><strong>INSTITUTS SECUNDARIA 3\/5<\/strong><\/td><td><\/td><td><\/td><\/tr><tr><td>Forat del Vent<\/td><td>abans 2027<\/td><td>-Xemeneia<\/td><\/tr><tr><td>Ban\u00fas<\/td><td>abans 2029<\/td><td>-Es detecta una caldera de la qual es requereix informaci\u00f3<\/td><\/tr><tr><td>Jaume Mim\u00f3<\/td><td>abans 2029<\/td><td>-Es detecta una caldera de la qual es requereix informaci\u00f3<\/td><\/tr><\/tbody><\/table><\/figure>\n","protected":false},"excerpt":{"rendered":"<p>A Cerdanyola el 65% dels centres educatius tenen elements constructius amb amiant, amb el risc que aix\u00f2 comporta per la salut d&#8217;infants i treballadors.&nbsp; En algunes escoles, l&#8217;amiant ha estat confinat en el passat, per\u00f2 \u00e9s dubt\u00f3s el seu estat per la falta de manteniment i de controls.&nbsp; La PAC ha aconseguit el reconeixement del [&hellip;]<\/p>\n","protected":false},"author":6,"featured_media":0,"comment_status":"open","ping_status":"open","sticky":false,"template":"","format":"standard","meta":{"_bbp_topic_count":0,"_bbp_reply_count":0,"_bbp_total_topic_count":0,"_bbp_total_reply_count":0,"_bbp_voice_count":0,"_bbp_anonymous_reply_count":0,"_bbp_topic_count_hidden":0,"_bbp_reply_count_hidden":0,"_bbp_forum_subforum_count":0,"site-sidebar-layout":"default","site-content-layout":"","ast-site-content-layout":"","site-content-style":"default","site-sidebar-style":"default","ast-global-header-display":"","ast-banner-title-visibility":"","ast-main-header-display":"","ast-hfb-above-header-display":"","ast-hfb-below-header-display":"","ast-hfb-mobile-header-display":"","site-post-title":"","ast-breadcrumbs-content":"","ast-featured-img":"","footer-sml-layout":"","theme-transparent-header-meta":"","adv-header-id-meta":"","stick-header-meta":"","header-above-stick-meta":"","header-main-stick-meta":"","header-below-stick-meta":"","astra-migrate-meta-layouts":"default","ast-page-background-enabled":"default","ast-page-background-meta":{"desktop":{"background-color":"var(--ast-global-color-4)","background-image":"","background-repeat":"repeat","background-position":"center center","background-size":"auto","background-attachment":"scroll","background-type":"","background-media":"","overlay-type":"","overlay-color":"","overlay-opacity":"","overlay-gradient":""},"tablet":{"background-color":"","background-image":"","background-repeat":"repeat","background-position":"center center","background-size":"auto","background-attachment":"scroll","background-type":"","background-media":"","overlay-type":"","overlay-color":"","overlay-opacity":"","overlay-gradient":""},"mobile":{"background-color":"","background-image":"","background-repeat":"repeat","background-position":"center center","background-size":"auto","background-attachment":"scroll","background-type":"","background-media":"","overlay-type":"","overlay-color":"","overlay-opacity":"","overlay-gradient":""}},"ast-content-background-meta":{"desktop":{"background-color":"var(--ast-global-color-5)","background-image":"","background-repeat":"repeat","background-position":"center center","background-size":"auto","background-attachment":"scroll","background-type":"","background-media":"","overlay-type":"","overlay-color":"","overlay-opacity":"","overlay-gradient":""},"tablet":{"background-color":"var(--ast-global-color-5)","background-image":"","background-repeat":"repeat","background-position":"center center","background-size":"auto","background-attachment":"scroll","background-type":"","background-media":"","overlay-type":"","overlay-color":"","overlay-opacity":"","overlay-gradient":""},"mobile":{"background-color":"var(--ast-global-color-5)","background-image":"","background-repeat":"repeat","background-position":"center center","background-size":"auto","background-attachment":"scroll","background-type":"","background-media":"","overlay-type":"","overlay-color":"","overlay-opacity":"","overlay-gradient":""}},"footnotes":""},"categories":[301],"tags":[],"class_list":["post-12072","post","type-post","status-publish","format-standard","hentry","category-afi"],"post_mailing_queue_ids":[],"_links":{"self":[{"href":"https:\/\/agora.xtec.cat\/ceipturodeguiera\/wp-json\/wp\/v2\/posts\/12072","targetHints":{"allow":["GET"]}}],"collection":[{"href":"https:\/\/agora.xtec.cat\/ceipturodeguiera\/wp-json\/wp\/v2\/posts"}],"about":[{"href":"https:\/\/agora.xtec.cat\/ceipturodeguiera\/wp-json\/wp\/v2\/types\/post"}],"author":[{"embeddable":true,"href":"https:\/\/agora.xtec.cat\/ceipturodeguiera\/wp-json\/wp\/v2\/users\/6"}],"replies":[{"embeddable":true,"href":"https:\/\/agora.xtec.cat\/ceipturodeguiera\/wp-json\/wp\/v2\/comments?post=12072"}],"version-history":[{"count":1,"href":"https:\/\/agora.xtec.cat\/ceipturodeguiera\/wp-json\/wp\/v2\/posts\/12072\/revisions"}],"predecessor-version":[{"id":12073,"href":"https:\/\/agora.xtec.cat\/ceipturodeguiera\/wp-json\/wp\/v2\/posts\/12072\/revisions\/12073"}],"wp:attachment":[{"href":"https:\/\/agora.xtec.cat\/ceipturodeguiera\/wp-json\/wp\/v2\/media?parent=12072"}],"wp:term":[{"taxonomy":"category","embeddable":true,"href":"https:\/\/agora.xtec.cat\/ceipturodeguiera\/wp-json\/wp\/v2\/categories?post=12072"},{"taxonomy":"post_tag","embeddable":true,"href":"https:\/\/agora.xtec.cat\/ceipturodeguiera\/wp-json\/wp\/v2\/tags?post=12072"}],"curies":[{"name":"wp","href":"https:\/\/api.w.org\/{rel}","templated":true}]}}