{"id":11987,"date":"2025-11-14T14:38:11","date_gmt":"2025-11-14T13:38:11","guid":{"rendered":"https:\/\/agora.xtec.cat\/ceipturodeguiera\/?p=11987"},"modified":"2025-11-14T14:38:12","modified_gmt":"2025-11-14T13:38:12","slug":"manifestacio-per-leducacio-del-15-de-novembre","status":"publish","type":"post","link":"https:\/\/agora.xtec.cat\/ceipturodeguiera\/afi\/manifestacio-per-leducacio-del-15-de-novembre\/","title":{"rendered":"Manifestaci\u00f3 per l\u2019educaci\u00f3 del 15 de novembre"},"content":{"rendered":"\n<p>Des de la PAC us fem arribar un comunicat per part de les <strong>ASSOCIACIONS FEDERADES DE FAM\u00cdLIES D\u2019ALUMNES DE CATALUNYA (AFFAC),<\/strong>dirigida a les direccions de centres de Barcelona.<\/p>\n\n\n\n<p>Des de la PAC volem convidar-vos&nbsp;a participar en la manifestaci\u00f3 del 15 de novembre per l&#8217;educaci\u00f3. Fem sentir la nostra veu com a fam\u00edlies, motius no ens en falten: manteniment adequat de les escoles, escoles sense amiant, climatitzaci\u00f3, pacificaci\u00f3 dels entorns&#8230; Siguem creatius, portem pancartes.&nbsp;<\/p>\n\n\n\n<p><strong>Pels qui aneu en tren, quedem a la RENFE de Cerdanyola a les 10:30\u202fh, all\u00ed ens trobarem amb altres comunitats educatives de Cerdanyola.<\/strong><\/p>\n\n\n\n<p>LLUITEN JUNTES PER L&#8217;ESCOLA P\u00daBLICA I DE QUALITAT.<\/p>\n\n\n\n<p>COMUNICAT AFFAC<\/p>\n\n\n\n<p>Benvolgudes fam\u00edlies,<br><br>Les direccions de m\u00e9s de 130 centres p\u00fablics de Barcelona han fet arribar la seva preocupaci\u00f3 per la situaci\u00f3 actual dels centres. Des de l&#8217;aFFaC valorem positivament aquesta voluntat de millora i reconeixem l&#8217;esfor\u00e7 dels equips directius per posar de manifest les mancances del sistema. Compartim el seu diagn\u00f2stic: la manca de recursos i de planificaci\u00f3, la sobrec\u00e0rrega de feina i la car\u00e8ncia d&#8217;una resposta adequada a la diversitat estan tensionant els centres.<br>No obstant aix\u00f2, considerem que les solucions per revertir aquesta situaci\u00f3 han d\u2019anar a l\u2019arrel del problema, i situar al centre l&#8217;objectiu que compartim: garantir plenament una educaci\u00f3 p\u00fablica de qualitat, inclusiva i al servei de tothom.<\/p>\n\n\n\n<p><strong>A continuaci\u00f3, adjuntem la carta completa, on detallem el nostre posicionament i les propostes per fer avan\u00e7ar l\u2019escola p\u00fablica.<\/strong><\/p>\n\n\n\n<p>Per oferir-vos un context m\u00e9s complet, compartim documents recents que analitzen diversos aspectes del sistema educatiu i de l\u2019escola p\u00fablica:<\/p>\n\n\n\n<ul class=\"wp-block-list\">\n<li><strong>Nota de premsa<\/strong>:\u00a0<strong>M\u00e9s de 325.000 alumnes amb necessitats educatives espec\u00edfiques (NESE) no reben el suport necessari.<\/strong>\u00a0La nota explica com la detecci\u00f3 d\u2019aquest alumnat ha augmentat, per\u00f2 que encara calen recursos i personal especialitzat per atendre la diversitat.<strong>\u00a0<a href=\"https:\/\/affac.cat\/mes-de-325-000-alumnes-suport-necessari\/\" target=\"_blank\" rel=\"noreferrer noopener\">Llegeix la nota de premsa<\/a><a href=\"https:\/\/affac.cat\/mes-de-325-000-alumnes-suport-necessari\/\" target=\"_blank\" rel=\"noreferrer noopener\">.<\/a><\/strong><\/li>\n\n\n\n<li><strong>Informe de l\u2019aFFaC:<\/strong>\u00a0Analitza la xarxa privada concertada a I3 i la seva sobreoferta, destacant com afecta la sostenibilitat de la xarxa p\u00fablica i la segregaci\u00f3 escolar, i proposa orientacions per refor\u00e7ar l\u2019educaci\u00f3 p\u00fablica i avan\u00e7ar cap a un sistema m\u00e9s equitatiu.\u00a0<strong><a href=\"https:\/\/affac.cat\/presentacio-informe-analisi-de-linici-del-curs-escolar-2025-26-a-catalunya\/\" target=\"_blank\" rel=\"noreferrer noopener\">Consulta l\u2019informe complet<\/a>.<\/strong><\/li>\n<\/ul>\n\n\n\n<p>Estem oberts a les vostres aportacions, dubtes i reflexions.<\/p>\n\n\n\n<p><br>Cordialment,<\/p>\n\n\n\n<p>Aqu\u00ed podeu trobar la <a href=\"https:\/\/agora.xtec.cat\/ceipturodeguiera\/wp-content\/uploads\/usu2627\/2025\/11\/Carta-aFFaC-direccions-centres-BCN.pdf\" data-type=\"link\" data-id=\"https:\/\/agora.xtec.cat\/ceipturodeguiera\/wp-content\/uploads\/usu2627\/2025\/11\/Carta-aFFaC-direccions-centres-BCN.pdf\">carta<\/a><\/p>\n\n\n\n<figure class=\"wp-block-image size-large\"><a href=\"https:\/\/agora.xtec.cat\/ceipturodeguiera\/wp-content\/uploads\/usu2627\/2025\/11\/image-1.png\"><img loading=\"lazy\" decoding=\"async\" width=\"813\" height=\"1024\" src=\"https:\/\/agora.xtec.cat\/ceipturodeguiera\/wp-content\/uploads\/usu2627\/2025\/11\/image-1-813x1024.png\" alt=\"\" class=\"wp-image-11989\" srcset=\"https:\/\/agora.xtec.cat\/ceipturodeguiera\/wp-content\/uploads\/usu2627\/2025\/11\/image-1-813x1024.png 813w, https:\/\/agora.xtec.cat\/ceipturodeguiera\/wp-content\/uploads\/usu2627\/2025\/11\/image-1-238x300.png 238w, https:\/\/agora.xtec.cat\/ceipturodeguiera\/wp-content\/uploads\/usu2627\/2025\/11\/image-1-768x968.png 768w, https:\/\/agora.xtec.cat\/ceipturodeguiera\/wp-content\/uploads\/usu2627\/2025\/11\/image-1.png 826w\" sizes=\"auto, (max-width: 813px) 100vw, 813px\" \/><\/a><\/figure>\n","protected":false},"excerpt":{"rendered":"<p>Des de la PAC us fem arribar un comunicat per part de les ASSOCIACIONS FEDERADES DE FAM\u00cdLIES D\u2019ALUMNES DE CATALUNYA (AFFAC),dirigida a les direccions de centres de Barcelona. Des de la PAC volem convidar-vos&nbsp;a participar en la manifestaci\u00f3 del 15 de novembre per l&#8217;educaci\u00f3. Fem sentir la nostra veu com a fam\u00edlies, motius no ens [&hellip;]<\/p>\n","protected":false},"author":6,"featured_media":0,"comment_status":"open","ping_status":"open","sticky":false,"template":"","format":"standard","meta":{"_bbp_topic_count":0,"_bbp_reply_count":0,"_bbp_total_topic_count":0,"_bbp_total_reply_count":0,"_bbp_voice_count":0,"_bbp_anonymous_reply_count":0,"_bbp_topic_count_hidden":0,"_bbp_reply_count_hidden":0,"_bbp_forum_subforum_count":0,"site-sidebar-layout":"default","site-content-layout":"","ast-site-content-layout":"","site-content-style":"default","site-sidebar-style":"default","ast-global-header-display":"","ast-banner-title-visibility":"","ast-main-header-display":"","ast-hfb-above-header-display":"","ast-hfb-below-header-display":"","ast-hfb-mobile-header-display":"","site-post-title":"","ast-breadcrumbs-content":"","ast-featured-img":"","footer-sml-layout":"","theme-transparent-header-meta":"","adv-header-id-meta":"","stick-header-meta":"","header-above-stick-meta":"","header-main-stick-meta":"","header-below-stick-meta":"","astra-migrate-meta-layouts":"default","ast-page-background-enabled":"default","ast-page-background-meta":{"desktop":{"background-color":"var(--ast-global-color-4)","background-image":"","background-repeat":"repeat","background-position":"center center","background-size":"auto","background-attachment":"scroll","background-type":"","background-media":"","overlay-type":"","overlay-color":"","overlay-opacity":"","overlay-gradient":""},"tablet":{"background-color":"","background-image":"","background-repeat":"repeat","background-position":"center center","background-size":"auto","background-attachment":"scroll","background-type":"","background-media":"","overlay-type":"","overlay-color":"","overlay-opacity":"","overlay-gradient":""},"mobile":{"background-color":"","background-image":"","background-repeat":"repeat","background-position":"center center","background-size":"auto","background-attachment":"scroll","background-type":"","background-media":"","overlay-type":"","overlay-color":"","overlay-opacity":"","overlay-gradient":""}},"ast-content-background-meta":{"desktop":{"background-color":"var(--ast-global-color-5)","background-image":"","background-repeat":"repeat","background-position":"center center","background-size":"auto","background-attachment":"scroll","background-type":"","background-media":"","overlay-type":"","overlay-color":"","overlay-opacity":"","overlay-gradient":""},"tablet":{"background-color":"var(--ast-global-color-5)","background-image":"","background-repeat":"repeat","background-position":"center center","background-size":"auto","background-attachment":"scroll","background-type":"","background-media":"","overlay-type":"","overlay-color":"","overlay-opacity":"","overlay-gradient":""},"mobile":{"background-color":"var(--ast-global-color-5)","background-image":"","background-repeat":"repeat","background-position":"center center","background-size":"auto","background-attachment":"scroll","background-type":"","background-media":"","overlay-type":"","overlay-color":"","overlay-opacity":"","overlay-gradient":""}},"footnotes":""},"categories":[301],"tags":[],"class_list":["post-11987","post","type-post","status-publish","format-standard","hentry","category-afi"],"post_mailing_queue_ids":[],"_links":{"self":[{"href":"https:\/\/agora.xtec.cat\/ceipturodeguiera\/wp-json\/wp\/v2\/posts\/11987","targetHints":{"allow":["GET"]}}],"collection":[{"href":"https:\/\/agora.xtec.cat\/ceipturodeguiera\/wp-json\/wp\/v2\/posts"}],"about":[{"href":"https:\/\/agora.xtec.cat\/ceipturodeguiera\/wp-json\/wp\/v2\/types\/post"}],"author":[{"embeddable":true,"href":"https:\/\/agora.xtec.cat\/ceipturodeguiera\/wp-json\/wp\/v2\/users\/6"}],"replies":[{"embeddable":true,"href":"https:\/\/agora.xtec.cat\/ceipturodeguiera\/wp-json\/wp\/v2\/comments?post=11987"}],"version-history":[{"count":1,"href":"https:\/\/agora.xtec.cat\/ceipturodeguiera\/wp-json\/wp\/v2\/posts\/11987\/revisions"}],"predecessor-version":[{"id":11990,"href":"https:\/\/agora.xtec.cat\/ceipturodeguiera\/wp-json\/wp\/v2\/posts\/11987\/revisions\/11990"}],"wp:attachment":[{"href":"https:\/\/agora.xtec.cat\/ceipturodeguiera\/wp-json\/wp\/v2\/media?parent=11987"}],"wp:term":[{"taxonomy":"category","embeddable":true,"href":"https:\/\/agora.xtec.cat\/ceipturodeguiera\/wp-json\/wp\/v2\/categories?post=11987"},{"taxonomy":"post_tag","embeddable":true,"href":"https:\/\/agora.xtec.cat\/ceipturodeguiera\/wp-json\/wp\/v2\/tags?post=11987"}],"curies":[{"name":"wp","href":"https:\/\/api.w.org\/{rel}","templated":true}]}}