{"id":11641,"date":"2025-10-06T22:08:13","date_gmt":"2025-10-06T20:08:13","guid":{"rendered":"https:\/\/agora.xtec.cat\/ceipturodeguiera\/?p=11641"},"modified":"2025-10-06T22:08:14","modified_gmt":"2025-10-06T20:08:14","slug":"pla-de-digitalitzacio-responsable","status":"publish","type":"post","link":"https:\/\/agora.xtec.cat\/ceipturodeguiera\/portada\/pla-de-digitalitzacio-responsable\/","title":{"rendered":"Pla de Digitalitzaci\u00f3 Responsable"},"content":{"rendered":"\n<p>El Departament d&#8217;Educaci\u00f3 i Formaci\u00f3 Professional i l&#8217;\u00e0rea de Cultura Digital de la Generalitat de Catalunya ha elaborat una guia per ajudar i orientar a les fam\u00edlies en el control i utilitzaci\u00f3 dels aparells digitals per part dels menors.   Aqu\u00ed sota us deixem el petit v\u00eddeo guia i el document sencer anomenat <strong>&#8220;MENYS PANTALLA, M\u00c9S VIDA! Educaci\u00f3 i digitalitzaci\u00f3: Guia per acompanyar les fam\u00edlies&#8221;<\/strong><\/p>\n\n\n\n<figure class=\"wp-block-embed is-type-video is-provider-youtube wp-block-embed-youtube wp-embed-aspect-16-9 wp-has-aspect-ratio\"><div class=\"wp-block-embed__wrapper\">\n<div class=\"ast-oembed-container \" style=\"height: 100%;\"><iframe loading=\"lazy\" title=\"Menys pantalla, m\u00e9s vida | Pla de digitalitzaci\u00f3 responsable\" width=\"500\" height=\"281\" src=\"https:\/\/www.youtube.com\/embed\/wn7_gVc0FQc?feature=oembed\" frameborder=\"0\" allow=\"accelerometer; autoplay; clipboard-write; encrypted-media; gyroscope; picture-in-picture; web-share\" referrerpolicy=\"strict-origin-when-cross-origin\" allowfullscreen><\/iframe><\/div>\n<\/div><\/figure>\n\n\n\n<div data-wp-interactive=\"core\/file\" class=\"wp-block-file\"><object data-wp-bind--hidden=\"!state.hasPdfPreview\" hidden class=\"wp-block-file__embed\" data=\"https:\/\/agora.xtec.cat\/ceipturodeguiera\/wp-content\/uploads\/usu2627\/2025\/10\/guia-families.pdf\" type=\"application\/pdf\" style=\"width:100%;height:600px\" aria-label=\"Incrustaci\u00f3 del fitxer guia-families.\"><\/object><a id=\"wp-block-file--media-8b650b57-eb69-418d-a709-28db1c680752\" href=\"https:\/\/agora.xtec.cat\/ceipturodeguiera\/wp-content\/uploads\/usu2627\/2025\/10\/guia-families.pdf\">guia-families<\/a><a href=\"https:\/\/agora.xtec.cat\/ceipturodeguiera\/wp-content\/uploads\/usu2627\/2025\/10\/guia-families.pdf\" class=\"wp-block-file__button wp-element-button\" download aria-describedby=\"wp-block-file--media-8b650b57-eb69-418d-a709-28db1c680752\">Baixa<\/a><\/div>\n","protected":false},"excerpt":{"rendered":"<p>El Departament d&#8217;Educaci\u00f3 i Formaci\u00f3 Professional i l&#8217;\u00e0rea de Cultura Digital de la Generalitat de Catalunya ha elaborat una guia per ajudar i orientar a les fam\u00edlies en el control i utilitzaci\u00f3 dels aparells digitals per part dels menors. Aqu\u00ed sota us deixem el petit v\u00eddeo guia i el document sencer anomenat &#8220;MENYS PANTALLA, M\u00c9S [&hellip;]<\/p>\n","protected":false},"author":1,"featured_media":0,"comment_status":"open","ping_status":"open","sticky":false,"template":"","format":"standard","meta":{"_bbp_topic_count":0,"_bbp_reply_count":0,"_bbp_total_topic_count":0,"_bbp_total_reply_count":0,"_bbp_voice_count":0,"_bbp_anonymous_reply_count":0,"_bbp_topic_count_hidden":0,"_bbp_reply_count_hidden":0,"_bbp_forum_subforum_count":0,"site-sidebar-layout":"default","site-content-layout":"","ast-site-content-layout":"","site-content-style":"default","site-sidebar-style":"default","ast-global-header-display":"","ast-banner-title-visibility":"","ast-main-header-display":"","ast-hfb-above-header-display":"","ast-hfb-below-header-display":"","ast-hfb-mobile-header-display":"","site-post-title":"","ast-breadcrumbs-content":"","ast-featured-img":"","footer-sml-layout":"","theme-transparent-header-meta":"","adv-header-id-meta":"","stick-header-meta":"","header-above-stick-meta":"","header-main-stick-meta":"","header-below-stick-meta":"","astra-migrate-meta-layouts":"default","ast-page-background-enabled":"default","ast-page-background-meta":{"desktop":{"background-color":"var(--ast-global-color-4)","background-image":"","background-repeat":"repeat","background-position":"center center","background-size":"auto","background-attachment":"scroll","background-type":"","background-media":"","overlay-type":"","overlay-color":"","overlay-opacity":"","overlay-gradient":""},"tablet":{"background-color":"","background-image":"","background-repeat":"repeat","background-position":"center center","background-size":"auto","background-attachment":"scroll","background-type":"","background-media":"","overlay-type":"","overlay-color":"","overlay-opacity":"","overlay-gradient":""},"mobile":{"background-color":"","background-image":"","background-repeat":"repeat","background-position":"center center","background-size":"auto","background-attachment":"scroll","background-type":"","background-media":"","overlay-type":"","overlay-color":"","overlay-opacity":"","overlay-gradient":""}},"ast-content-background-meta":{"desktop":{"background-color":"var(--ast-global-color-5)","background-image":"","background-repeat":"repeat","background-position":"center center","background-size":"auto","background-attachment":"scroll","background-type":"","background-media":"","overlay-type":"","overlay-color":"","overlay-opacity":"","overlay-gradient":""},"tablet":{"background-color":"var(--ast-global-color-5)","background-image":"","background-repeat":"repeat","background-position":"center center","background-size":"auto","background-attachment":"scroll","background-type":"","background-media":"","overlay-type":"","overlay-color":"","overlay-opacity":"","overlay-gradient":""},"mobile":{"background-color":"var(--ast-global-color-5)","background-image":"","background-repeat":"repeat","background-position":"center center","background-size":"auto","background-attachment":"scroll","background-type":"","background-media":"","overlay-type":"","overlay-color":"","overlay-opacity":"","overlay-gradient":""}},"footnotes":""},"categories":[86,4],"tags":[],"class_list":["post-11641","post","type-post","status-publish","format-standard","hentry","category-escola-de-families","category-portada"],"post_mailing_queue_ids":[],"_links":{"self":[{"href":"https:\/\/agora.xtec.cat\/ceipturodeguiera\/wp-json\/wp\/v2\/posts\/11641","targetHints":{"allow":["GET"]}}],"collection":[{"href":"https:\/\/agora.xtec.cat\/ceipturodeguiera\/wp-json\/wp\/v2\/posts"}],"about":[{"href":"https:\/\/agora.xtec.cat\/ceipturodeguiera\/wp-json\/wp\/v2\/types\/post"}],"author":[{"embeddable":true,"href":"https:\/\/agora.xtec.cat\/ceipturodeguiera\/wp-json\/wp\/v2\/users\/1"}],"replies":[{"embeddable":true,"href":"https:\/\/agora.xtec.cat\/ceipturodeguiera\/wp-json\/wp\/v2\/comments?post=11641"}],"version-history":[{"count":1,"href":"https:\/\/agora.xtec.cat\/ceipturodeguiera\/wp-json\/wp\/v2\/posts\/11641\/revisions"}],"predecessor-version":[{"id":11645,"href":"https:\/\/agora.xtec.cat\/ceipturodeguiera\/wp-json\/wp\/v2\/posts\/11641\/revisions\/11645"}],"wp:attachment":[{"href":"https:\/\/agora.xtec.cat\/ceipturodeguiera\/wp-json\/wp\/v2\/media?parent=11641"}],"wp:term":[{"taxonomy":"category","embeddable":true,"href":"https:\/\/agora.xtec.cat\/ceipturodeguiera\/wp-json\/wp\/v2\/categories?post=11641"},{"taxonomy":"post_tag","embeddable":true,"href":"https:\/\/agora.xtec.cat\/ceipturodeguiera\/wp-json\/wp\/v2\/tags?post=11641"}],"curies":[{"name":"wp","href":"https:\/\/api.w.org\/{rel}","templated":true}]}}