{"id":11282,"date":"2025-06-08T12:38:48","date_gmt":"2025-06-08T10:38:48","guid":{"rendered":"https:\/\/agora.xtec.cat\/ceipturodeguiera\/?p=11282"},"modified":"2025-06-13T17:53:31","modified_gmt":"2025-06-13T15:53:31","slug":"dia-del-medi-ambient-2025","status":"publish","type":"post","link":"https:\/\/agora.xtec.cat\/ceipturodeguiera\/portada\/dia-del-medi-ambient-2025\/","title":{"rendered":"Dia del Medi Ambient 2025"},"content":{"rendered":"\n<figure class=\"wp-block-embed is-type-video is-provider-youtube wp-block-embed-youtube wp-embed-aspect-16-9 wp-has-aspect-ratio\"><div class=\"wp-block-embed__wrapper\">\n<div class=\"ast-oembed-container \" style=\"height: 100%;\"><iframe loading=\"lazy\" title=\"Dia del Medi Ambient 2025\" width=\"500\" height=\"281\" src=\"https:\/\/www.youtube.com\/embed\/81pBOFwCJW8?feature=oembed\" frameborder=\"0\" allow=\"accelerometer; autoplay; clipboard-write; encrypted-media; gyroscope; picture-in-picture; web-share\" referrerpolicy=\"strict-origin-when-cross-origin\" allowfullscreen><\/iframe><\/div>\n<\/div><\/figure>\n\n\n\n<p class=\"has-text-color has-background has-link-color wp-elements-825fdf486ed18615d574e8ad8f310c13\" style=\"color:#02a267;background-color:#e2f4f9\">El dijous 5 de Juny vam gaudir a l&#8217;Escola de la gincana del Medi Ambient que anem realitzant des de ja fa alguns anys.  Va ser un dia molt mogut on tots els infants de l&#8217;escola van passar-s&#8217;ho molt b\u00e9 fent les diferents proves que van organitzar els de 6\u00e8.<\/p>\n\n\n\n<p class=\"has-text-color has-background has-link-color wp-elements-9254c0c3426040d89579a535eb6a9f8d\" style=\"color:#009d63;background-color:#ddeefa\">Els de 5\u00e8 van fer de caps de colla i ajudaven els m\u00e9s petits a anar de prova en prova.   Els grups, formats per nens i nenes de tots els cursos, anaven superant reptes relacionats amb el Medi Ambient.<\/p>\n\n\n\n<p class=\"has-text-color has-background has-link-color wp-elements-13b888ba939c7c4d1d792142cbc703cb\" style=\"color:#01915c;background-color:#e1f0f9\">Va ser un dia de molta companyonia on tots junts vam gaudir d&#8217;una jornada molt emocionant.  Us deixem un v\u00eddeo on podreu veure detalls d&#8217;aquesta matinal<\/p>\n","protected":false},"excerpt":{"rendered":"<p>El dijous 5 de Juny vam gaudir a l&#8217;Escola de la gincana del Medi Ambient que anem realitzant des de ja fa alguns anys. Va ser un dia molt mogut on tots els infants de l&#8217;escola van passar-s&#8217;ho molt b\u00e9 fent les diferents proves que van organitzar els de 6\u00e8. Els de 5\u00e8 van fer [&hellip;]<\/p>\n","protected":false},"author":1,"featured_media":0,"comment_status":"open","ping_status":"open","sticky":false,"template":"","format":"standard","meta":{"_bbp_topic_count":0,"_bbp_reply_count":0,"_bbp_total_topic_count":0,"_bbp_total_reply_count":0,"_bbp_voice_count":0,"_bbp_anonymous_reply_count":0,"_bbp_topic_count_hidden":0,"_bbp_reply_count_hidden":0,"_bbp_forum_subforum_count":0,"site-sidebar-layout":"default","site-content-layout":"","ast-site-content-layout":"","site-content-style":"default","site-sidebar-style":"default","ast-global-header-display":"","ast-banner-title-visibility":"","ast-main-header-display":"","ast-hfb-above-header-display":"","ast-hfb-below-header-display":"","ast-hfb-mobile-header-display":"","site-post-title":"","ast-breadcrumbs-content":"","ast-featured-img":"","footer-sml-layout":"","theme-transparent-header-meta":"","adv-header-id-meta":"","stick-header-meta":"","header-above-stick-meta":"","header-main-stick-meta":"","header-below-stick-meta":"","astra-migrate-meta-layouts":"default","ast-page-background-enabled":"default","ast-page-background-meta":{"desktop":{"background-color":"var(--ast-global-color-4)","background-image":"","background-repeat":"repeat","background-position":"center center","background-size":"auto","background-attachment":"scroll","background-type":"","background-media":"","overlay-type":"","overlay-color":"","overlay-opacity":"","overlay-gradient":""},"tablet":{"background-color":"","background-image":"","background-repeat":"repeat","background-position":"center center","background-size":"auto","background-attachment":"scroll","background-type":"","background-media":"","overlay-type":"","overlay-color":"","overlay-opacity":"","overlay-gradient":""},"mobile":{"background-color":"","background-image":"","background-repeat":"repeat","background-position":"center center","background-size":"auto","background-attachment":"scroll","background-type":"","background-media":"","overlay-type":"","overlay-color":"","overlay-opacity":"","overlay-gradient":""}},"ast-content-background-meta":{"desktop":{"background-color":"var(--ast-global-color-5)","background-image":"","background-repeat":"repeat","background-position":"center center","background-size":"auto","background-attachment":"scroll","background-type":"","background-media":"","overlay-type":"","overlay-color":"","overlay-opacity":"","overlay-gradient":""},"tablet":{"background-color":"var(--ast-global-color-5)","background-image":"","background-repeat":"repeat","background-position":"center center","background-size":"auto","background-attachment":"scroll","background-type":"","background-media":"","overlay-type":"","overlay-color":"","overlay-opacity":"","overlay-gradient":""},"mobile":{"background-color":"var(--ast-global-color-5)","background-image":"","background-repeat":"repeat","background-position":"center center","background-size":"auto","background-attachment":"scroll","background-type":"","background-media":"","overlay-type":"","overlay-color":"","overlay-opacity":"","overlay-gradient":""}},"footnotes":""},"categories":[4],"tags":[359],"class_list":["post-11282","post","type-post","status-publish","format-standard","hentry","category-portada","tag-medi-ambient"],"post_mailing_queue_ids":[],"_links":{"self":[{"href":"https:\/\/agora.xtec.cat\/ceipturodeguiera\/wp-json\/wp\/v2\/posts\/11282","targetHints":{"allow":["GET"]}}],"collection":[{"href":"https:\/\/agora.xtec.cat\/ceipturodeguiera\/wp-json\/wp\/v2\/posts"}],"about":[{"href":"https:\/\/agora.xtec.cat\/ceipturodeguiera\/wp-json\/wp\/v2\/types\/post"}],"author":[{"embeddable":true,"href":"https:\/\/agora.xtec.cat\/ceipturodeguiera\/wp-json\/wp\/v2\/users\/1"}],"replies":[{"embeddable":true,"href":"https:\/\/agora.xtec.cat\/ceipturodeguiera\/wp-json\/wp\/v2\/comments?post=11282"}],"version-history":[{"count":3,"href":"https:\/\/agora.xtec.cat\/ceipturodeguiera\/wp-json\/wp\/v2\/posts\/11282\/revisions"}],"predecessor-version":[{"id":11439,"href":"https:\/\/agora.xtec.cat\/ceipturodeguiera\/wp-json\/wp\/v2\/posts\/11282\/revisions\/11439"}],"wp:attachment":[{"href":"https:\/\/agora.xtec.cat\/ceipturodeguiera\/wp-json\/wp\/v2\/media?parent=11282"}],"wp:term":[{"taxonomy":"category","embeddable":true,"href":"https:\/\/agora.xtec.cat\/ceipturodeguiera\/wp-json\/wp\/v2\/categories?post=11282"},{"taxonomy":"post_tag","embeddable":true,"href":"https:\/\/agora.xtec.cat\/ceipturodeguiera\/wp-json\/wp\/v2\/tags?post=11282"}],"curies":[{"name":"wp","href":"https:\/\/api.w.org\/{rel}","templated":true}]}}