{"id":999,"date":"2017-06-01T10:11:17","date_gmt":"2017-06-01T09:11:17","guid":{"rendered":"https:\/\/torresjonama.wordpress.com\/?p=999"},"modified":"2017-06-01T10:11:17","modified_gmt":"2017-06-01T09:11:17","slug":"colonies-3r-4t-i-5e","status":"publish","type":"post","link":"https:\/\/agora.xtec.cat\/ceiptorresjonama\/uncategorized\/colonies-3r-4t-i-5e\/","title":{"rendered":"Col\u00f2nies 3r, 4t i 5\u00e8"},"content":{"rendered":"<p style=\"text-align:left;\">Els passats 10, 11 i 12 de maig els alumnes de 3r, 4t i 5\u00e8 vam fer una estada a la Vall de N\u00faria. Vam anar amb autob\u00fas, amb tren cremallera i amb telecabina.<\/p>\n<p style=\"text-align:left;\">En el museu del cremallera ens van deixar pujar en unes m\u00e0quines de tren antigues i molt boniques, vam fer una cursa d&#8217;orientaci\u00f3 i ens van ensenyar la depuradora. Con\u00e8ixer el clima i el paisatge de muntanya, amb algunes plantes i animals que hi viuen, com les marmotes, els voltors i els isards va ser fant\u00e0stic! Fins i tot vam poder tocar la neu!<\/p>\n<p style=\"text-align:left;\">A les habitacions de l&#8217;alberg s&#8217;hi estava molt b\u00e9 i al menjador ens serv\u00edem nosaltres mateixos, sobretot l&#8217;esmorzar. Uns dies genials!<\/p>\n<p style=\"text-align:left;\">Si feu clic a la foto podreu veure tot l&#8217;\u00e0lbum.<\/p>\n<p style=\"text-align:left;\"><a href=\"https:\/\/goo.gl\/photos\/9AeU31CMrsEwfMxp6\"><img loading=\"lazy\" decoding=\"async\" class=\"alignnone size-full wp-image-1015\" src=\"https:\/\/agora.xtec.cat\/ceiptorresjonama\/wp-content\/uploads\/usu279\/2017\/06\/20170512_095525.jpg\" alt=\"20170512_095525\" width=\"5312\" height=\"2988\" srcset=\"https:\/\/agora.xtec.cat\/ceiptorresjonama\/wp-content\/uploads\/usu279\/2017\/06\/20170512_095525.jpg 5312w, https:\/\/agora.xtec.cat\/ceiptorresjonama\/wp-content\/uploads\/usu279\/2017\/06\/20170512_095525-300x169.jpg 300w, https:\/\/agora.xtec.cat\/ceiptorresjonama\/wp-content\/uploads\/usu279\/2017\/06\/20170512_095525-768x432.jpg 768w, https:\/\/agora.xtec.cat\/ceiptorresjonama\/wp-content\/uploads\/usu279\/2017\/06\/20170512_095525-1024x576.jpg 1024w\" sizes=\"auto, (max-width: 5312px) 100vw, 5312px\" \/><\/a><\/p>\n<p>&nbsp;<\/p>\n<p>&nbsp;<\/p>\n","protected":false},"excerpt":{"rendered":"<p>Els passats 10, 11 i 12 de maig els alumnes de 3r, 4t i 5\u00e8 vam fer una estada a la Vall de N\u00faria. Vam anar amb autob\u00fas, amb tren cremallera i amb telecabina.<br \/>\nEn el museu del cremallera ens van deixar pujar en unes m\u00e0quines&hellip;  <a href=\"https:\/\/agora.xtec.cat\/ceiptorresjonama\/uncategorized\/colonies-3r-4t-i-5e\/\" title=\"Read Col\u00f2nies 3r, 4t i 5\u00e8\">Llegeix m\u00e9s\u00bb<\/a><\/p>\n","protected":false},"author":1,"featured_media":0,"comment_status":"closed","ping_status":"closed","sticky":false,"template":"","format":"standard","meta":{"_bbp_topic_count":0,"_bbp_reply_count":0,"_bbp_total_topic_count":0,"_bbp_total_reply_count":0,"_bbp_voice_count":0,"_bbp_anonymous_reply_count":0,"_bbp_topic_count_hidden":0,"_bbp_reply_count_hidden":0,"_bbp_forum_subforum_count":0,"footnotes":""},"categories":[60],"tags":[],"class_list":["post-999","post","type-post","status-publish","format-standard","hentry","category-uncategorized"],"post_mailing_queue_ids":[],"_links":{"self":[{"href":"https:\/\/agora.xtec.cat\/ceiptorresjonama\/wp-json\/wp\/v2\/posts\/999","targetHints":{"allow":["GET"]}}],"collection":[{"href":"https:\/\/agora.xtec.cat\/ceiptorresjonama\/wp-json\/wp\/v2\/posts"}],"about":[{"href":"https:\/\/agora.xtec.cat\/ceiptorresjonama\/wp-json\/wp\/v2\/types\/post"}],"author":[{"embeddable":true,"href":"https:\/\/agora.xtec.cat\/ceiptorresjonama\/wp-json\/wp\/v2\/users\/1"}],"replies":[{"embeddable":true,"href":"https:\/\/agora.xtec.cat\/ceiptorresjonama\/wp-json\/wp\/v2\/comments?post=999"}],"version-history":[{"count":0,"href":"https:\/\/agora.xtec.cat\/ceiptorresjonama\/wp-json\/wp\/v2\/posts\/999\/revisions"}],"wp:attachment":[{"href":"https:\/\/agora.xtec.cat\/ceiptorresjonama\/wp-json\/wp\/v2\/media?parent=999"}],"wp:term":[{"taxonomy":"category","embeddable":true,"href":"https:\/\/agora.xtec.cat\/ceiptorresjonama\/wp-json\/wp\/v2\/categories?post=999"},{"taxonomy":"post_tag","embeddable":true,"href":"https:\/\/agora.xtec.cat\/ceiptorresjonama\/wp-json\/wp\/v2\/tags?post=999"}],"curies":[{"name":"wp","href":"https:\/\/api.w.org\/{rel}","templated":true}]}}