{"id":944,"date":"2017-04-26T16:42:41","date_gmt":"2017-04-26T15:42:41","guid":{"rendered":"https:\/\/torresjonama.wordpress.com\/?p=944"},"modified":"2017-04-26T16:42:41","modified_gmt":"2017-04-26T15:42:41","slug":"celebrem-els-quarts-jocs-florals","status":"publish","type":"post","link":"https:\/\/agora.xtec.cat\/ceiptorresjonama\/uncategorized\/celebrem-els-quarts-jocs-florals\/","title":{"rendered":"Celebrem els quarts Jocs Florals"},"content":{"rendered":"<div class=\"entry-content\">\n<p style=\"text-align:justify;\">Benvolgudes fam\u00edlies,<\/p>\n<p style=\"text-align:justify;\">El divendres passat, dia 21 d\u2019abril, vam celebrar el Sant Jordi a l\u2019escola duent a terme diverses activitats al llarg del dia, tal com \u00e9s habitual. A la tarda, despr\u00e9s de la lectura i explicaci\u00f3 de contes per part dels mestres a cada aula, vam celebrar conjuntament els quarts Jocs Florals de l\u2019escola.<\/p>\n<p style=\"text-align:justify;\">Agra\u00efm i felicitem tots els alumnes pels seus escrits individuals o col\u00b7lectius, i per haver participat en el concurs d&#8217;enguany.<\/p>\n<p>Els <strong>finalistes<\/strong> en les diverses categories varen ser els seg\u00fcents:<\/p>\n<p><strong>Categoria A<\/strong><\/p>\n<p>Marc Tom\u00e0s (1r)<\/p>\n<p>Aleix Cabrera (1r)<\/p>\n<p>Queralt fuster (2n)<\/p>\n<\/div>\n<div class=\"entry-content\"><strong>Categoria B<\/strong><\/div>\n<p>&nbsp;<\/p>\n<p>Cl\u00e0udia Cros (3r)<\/p>\n<p>Lia Hortal (3r)<\/p>\n<p>Arnau Salg\u00e0s (3r)<\/p>\n<p><strong>Categoria C<\/strong><\/p>\n<div class=\"entry-content\">\n<p>Marc Velasco (4t)<\/p>\n<p>Aleix Fern\u00e1ndez (4t)<\/p>\n<p>Bruna Piferrer (5\u00e8)<\/p>\n<p>Helena S\u00e1nchez (5\u00e8)<\/p>\n<p>Martina Escolar (6\u00e8)<\/p>\n<p>I, finalment, els <strong>guanyadors <\/strong>de cada grup varen ser els seg\u00fcents:<\/p>\n<p><strong>Categoria A<\/strong><\/p>\n<ul>\n<li>Cicle Inicial: Jana Ballester, Abdarrahman El Atmani i Cl\u00e0udia Mart\u00ednez<\/li>\n<li>T\u00edtol: &#8220;Sant Jordi al rev\u00e9s&#8221;<\/li>\n<\/ul>\n<p><strong>Categoria B<\/strong><\/p>\n<ul>\n<li>Cicle Mitj\u00e0: Joan Bagu\u00e9 Vidal<\/li>\n<li>T\u00edtol: &#8220;Crec en mi&#8221;<\/li>\n<\/ul>\n<p><strong>Categoria C<\/strong><\/p>\n<ul>\n<li>Cicle Superior: Martina Morat\u00f3<\/li>\n<li>T\u00edtol: &#8220;Castells humans&#8221;<\/li>\n<\/ul>\n<p>Enhorabona a tots i a totes!<\/p>\n<p>Compartim amb vosaltres les fotografies dels finalistes i guanyadors d&#8217;aquesta edici\u00f3 dels Jocs Florals a l&#8217;escola.<\/p>\n<p>Cliqueu la imatge per accedir a l\u2019\u00e0lbum sencer.<\/p>\n<p><a href=\"https:\/\/goo.gl\/photos\/RKygqb8UeAQCdnqDA\"><img loading=\"lazy\" decoding=\"async\" class=\"alignnone size-full wp-image-963\" src=\"https:\/\/agora.xtec.cat\/ceiptorresjonama\/wp-content\/uploads\/usu279\/2017\/04\/img_4730.jpg\" alt=\"IMG_4730\" width=\"1024\" height=\"768\" srcset=\"https:\/\/agora.xtec.cat\/ceiptorresjonama\/wp-content\/uploads\/usu279\/2017\/04\/img_4730.jpg 1024w, https:\/\/agora.xtec.cat\/ceiptorresjonama\/wp-content\/uploads\/usu279\/2017\/04\/img_4730-300x225.jpg 300w, https:\/\/agora.xtec.cat\/ceiptorresjonama\/wp-content\/uploads\/usu279\/2017\/04\/img_4730-768x576.jpg 768w, https:\/\/agora.xtec.cat\/ceiptorresjonama\/wp-content\/uploads\/usu279\/2017\/04\/img_4730-200x150.jpg 200w\" sizes=\"auto, (max-width: 1024px) 100vw, 1024px\" \/><\/a><\/p>\n<\/div>\n","protected":false},"excerpt":{"rendered":"<p>Benvolgudes fam\u00edlies,<br \/>\nEl divendres passat, dia 21 d\u2019abril, vam celebrar el Sant Jordi a l\u2019escola duent a terme diverses activitats al llarg del dia, tal com \u00e9s habitual. A la tarda, despr\u00e9s de la lectura i explicaci\u00f3 de contes per part dels mestres a cada aula,&hellip;  <a href=\"https:\/\/agora.xtec.cat\/ceiptorresjonama\/uncategorized\/celebrem-els-quarts-jocs-florals\/\" title=\"Read Celebrem els quarts Jocs Florals\">Llegeix m\u00e9s\u00bb<\/a><\/p>\n","protected":false},"author":1,"featured_media":0,"comment_status":"closed","ping_status":"closed","sticky":false,"template":"","format":"standard","meta":{"_bbp_topic_count":0,"_bbp_reply_count":0,"_bbp_total_topic_count":0,"_bbp_total_reply_count":0,"_bbp_voice_count":0,"_bbp_anonymous_reply_count":0,"_bbp_topic_count_hidden":0,"_bbp_reply_count_hidden":0,"_bbp_forum_subforum_count":0,"footnotes":""},"categories":[60],"tags":[],"class_list":["post-944","post","type-post","status-publish","format-standard","hentry","category-uncategorized"],"post_mailing_queue_ids":[],"_links":{"self":[{"href":"https:\/\/agora.xtec.cat\/ceiptorresjonama\/wp-json\/wp\/v2\/posts\/944","targetHints":{"allow":["GET"]}}],"collection":[{"href":"https:\/\/agora.xtec.cat\/ceiptorresjonama\/wp-json\/wp\/v2\/posts"}],"about":[{"href":"https:\/\/agora.xtec.cat\/ceiptorresjonama\/wp-json\/wp\/v2\/types\/post"}],"author":[{"embeddable":true,"href":"https:\/\/agora.xtec.cat\/ceiptorresjonama\/wp-json\/wp\/v2\/users\/1"}],"replies":[{"embeddable":true,"href":"https:\/\/agora.xtec.cat\/ceiptorresjonama\/wp-json\/wp\/v2\/comments?post=944"}],"version-history":[{"count":0,"href":"https:\/\/agora.xtec.cat\/ceiptorresjonama\/wp-json\/wp\/v2\/posts\/944\/revisions"}],"wp:attachment":[{"href":"https:\/\/agora.xtec.cat\/ceiptorresjonama\/wp-json\/wp\/v2\/media?parent=944"}],"wp:term":[{"taxonomy":"category","embeddable":true,"href":"https:\/\/agora.xtec.cat\/ceiptorresjonama\/wp-json\/wp\/v2\/categories?post=944"},{"taxonomy":"post_tag","embeddable":true,"href":"https:\/\/agora.xtec.cat\/ceiptorresjonama\/wp-json\/wp\/v2\/tags?post=944"}],"curies":[{"name":"wp","href":"https:\/\/api.w.org\/{rel}","templated":true}]}}