{"id":923,"date":"2017-04-08T18:00:54","date_gmt":"2017-04-08T17:00:54","guid":{"rendered":"https:\/\/torresjonama.wordpress.com\/?p=923"},"modified":"2017-04-08T18:00:54","modified_gmt":"2017-04-08T17:00:54","slug":"recomanacions-de-llibres","status":"publish","type":"post","link":"https:\/\/agora.xtec.cat\/ceiptorresjonama\/uncategorized\/recomanacions-de-llibres\/","title":{"rendered":"Recomanacions de llibres"},"content":{"rendered":"<p style=\"text-align:justify;\">Benvolgudes fam\u00edlies,<\/p>\n<p style=\"text-align:justify;\">Hem tancat les portes de l&#8217;escola fins el dimarts dia 18 d&#8217;abril. A part d&#8217;acomiadar-nos i de desitjar-vos una molt bona Setmana Santa, aprofitem per a recordar-vos que, un any m\u00e9s, des del Seminari de Biblioteques i el SEBE volen donar a con\u00e8ixer alguns llibres infantils i juvenils que realment han agradat molt. Per tal d&#8217;accedir a l&#8217;enlla\u00e7 amb les seves recomanacions liter\u00e0ries &#8220;cliqueu&#8221; sobre la imatge seg\u00fcent. Esperem que us agradin tant com a nosaltres.<\/p>\n<p><a href=\"https:\/\/sites.google.com\/a\/xtec.cat\/se-baixemporda\/home\/recomanacionsdellibrespersantjordi2017\"><img loading=\"lazy\" decoding=\"async\" class=\"alignnone size-full wp-image-932\" src=\"https:\/\/agora.xtec.cat\/ceiptorresjonama\/wp-content\/uploads\/usu279\/2017\/04\/recomanen-sant-jordi-2017.jpg\" alt=\"recomanen Sant Jordi 2017\" width=\"900\" height=\"600\" srcset=\"https:\/\/agora.xtec.cat\/ceiptorresjonama\/wp-content\/uploads\/usu279\/2017\/04\/recomanen-sant-jordi-2017.jpg 900w, https:\/\/agora.xtec.cat\/ceiptorresjonama\/wp-content\/uploads\/usu279\/2017\/04\/recomanen-sant-jordi-2017-300x200.jpg 300w, https:\/\/agora.xtec.cat\/ceiptorresjonama\/wp-content\/uploads\/usu279\/2017\/04\/recomanen-sant-jordi-2017-768x512.jpg 768w\" sizes=\"auto, (max-width: 900px) 100vw, 900px\" \/><\/a><\/p>\n","protected":false},"excerpt":{"rendered":"<p>Benvolgudes fam\u00edlies,<br \/>\nHem tancat les portes de l&#8217;escola fins el dimarts dia 18 d&#8217;abril. A part d&#8217;acomiadar-nos i de desitjar-vos una molt bona Setmana Santa, aprofitem per a recordar-vos que, un any m\u00e9s, des del Seminari de Biblioteques i el SEBE volen donar a con\u00e8ixer alguns&hellip;  <a href=\"https:\/\/agora.xtec.cat\/ceiptorresjonama\/uncategorized\/recomanacions-de-llibres\/\" title=\"Read Recomanacions de llibres\">Llegeix m\u00e9s\u00bb<\/a><\/p>\n","protected":false},"author":1,"featured_media":0,"comment_status":"closed","ping_status":"closed","sticky":false,"template":"","format":"standard","meta":{"_bbp_topic_count":0,"_bbp_reply_count":0,"_bbp_total_topic_count":0,"_bbp_total_reply_count":0,"_bbp_voice_count":0,"_bbp_anonymous_reply_count":0,"_bbp_topic_count_hidden":0,"_bbp_reply_count_hidden":0,"_bbp_forum_subforum_count":0,"footnotes":""},"categories":[60],"tags":[],"class_list":["post-923","post","type-post","status-publish","format-standard","hentry","category-uncategorized"],"post_mailing_queue_ids":[],"_links":{"self":[{"href":"https:\/\/agora.xtec.cat\/ceiptorresjonama\/wp-json\/wp\/v2\/posts\/923","targetHints":{"allow":["GET"]}}],"collection":[{"href":"https:\/\/agora.xtec.cat\/ceiptorresjonama\/wp-json\/wp\/v2\/posts"}],"about":[{"href":"https:\/\/agora.xtec.cat\/ceiptorresjonama\/wp-json\/wp\/v2\/types\/post"}],"author":[{"embeddable":true,"href":"https:\/\/agora.xtec.cat\/ceiptorresjonama\/wp-json\/wp\/v2\/users\/1"}],"replies":[{"embeddable":true,"href":"https:\/\/agora.xtec.cat\/ceiptorresjonama\/wp-json\/wp\/v2\/comments?post=923"}],"version-history":[{"count":0,"href":"https:\/\/agora.xtec.cat\/ceiptorresjonama\/wp-json\/wp\/v2\/posts\/923\/revisions"}],"wp:attachment":[{"href":"https:\/\/agora.xtec.cat\/ceiptorresjonama\/wp-json\/wp\/v2\/media?parent=923"}],"wp:term":[{"taxonomy":"category","embeddable":true,"href":"https:\/\/agora.xtec.cat\/ceiptorresjonama\/wp-json\/wp\/v2\/categories?post=923"},{"taxonomy":"post_tag","embeddable":true,"href":"https:\/\/agora.xtec.cat\/ceiptorresjonama\/wp-json\/wp\/v2\/tags?post=923"}],"curies":[{"name":"wp","href":"https:\/\/api.w.org\/{rel}","templated":true}]}}