{"id":890,"date":"2017-04-01T15:50:00","date_gmt":"2017-04-01T14:50:00","guid":{"rendered":"https:\/\/torresjonama.wordpress.com\/?p=890"},"modified":"2017-04-01T15:50:00","modified_gmt":"2017-04-01T14:50:00","slug":"musica-i-mes-musica","status":"publish","type":"post","link":"https:\/\/agora.xtec.cat\/ceiptorresjonama\/uncategorized\/musica-i-mes-musica\/","title":{"rendered":"M\u00fasica i m\u00e9s m\u00fasica."},"content":{"rendered":"<p>El dissabte, 26 de mar\u00e7 la coral Refilets de la nostra escola va rebre la Coral de l&#8217;escola Torres Jonama de Palafrugell. En Josep i la Marita, mestres de m\u00fasica de les dues escoles havien preparat un repertori com\u00fa que van assajar en dos grups de nens i nenes de les dues escoles. Al final del mat\u00ed es van ajuntar tots els cantaires al teatret de l&#8217;escola i van posar en com\u00fa tot el treball preparat. Sonava la mar de b\u00e9. El mes de maig est\u00e0 prevista una altra matinal a l&#8217;escola Torres Jonama de Palafrugell.<\/p>\n<p>L&#8217;AMPA de l&#8217;escola ens va preparar un petit pica pica. Moltes gr\u00e0cies a tothom per fer-ho possible.<\/p>\n<p>El dissabte 1 d&#8217;abril els nens i nenes de 3r.A i 3r.B han anat al teatre Municipal de Palafrugell per participar a la cantat &#8220;El follet valent&#8221; juntament amb els tercers de totes les escoles de Palafrugell. Ha sigut un treball de tot el curs de l&#8217;\u00e0rea de m\u00fasica. Els nens i nenes han treballat a les seves escoles amb els i les mestres de m\u00fasica i ens han ofert una cantata que ha agradat molt a totes les fam\u00edlies. Enhorabona a tothom que hi ha aportat el seu gra de sorra per fer-ho possible.<\/p>\n<p>Si cliqueu les fotos en podreu veure m\u00e9s.<\/p>\n<p><a href=\"https:\/\/goo.gl\/photos\/Sw8vZ9hMex1Hv5Qi7\"><img loading=\"lazy\" decoding=\"async\" class=\"alignnone size-full wp-image-900\" src=\"https:\/\/agora.xtec.cat\/ceiptorresjonama\/wp-content\/uploads\/usu279\/2017\/04\/img-20170325-wa0013.jpg\" alt=\"IMG-20170325-WA0013\" width=\"1600\" height=\"438\" srcset=\"https:\/\/agora.xtec.cat\/ceiptorresjonama\/wp-content\/uploads\/usu279\/2017\/04\/img-20170325-wa0013.jpg 1600w, https:\/\/agora.xtec.cat\/ceiptorresjonama\/wp-content\/uploads\/usu279\/2017\/04\/img-20170325-wa0013-300x82.jpg 300w, https:\/\/agora.xtec.cat\/ceiptorresjonama\/wp-content\/uploads\/usu279\/2017\/04\/img-20170325-wa0013-768x210.jpg 768w, https:\/\/agora.xtec.cat\/ceiptorresjonama\/wp-content\/uploads\/usu279\/2017\/04\/img-20170325-wa0013-1024x280.jpg 1024w\" sizes=\"auto, (max-width: 1600px) 100vw, 1600px\" \/><\/a><\/p>\n<p><a href=\"https:\/\/goo.gl\/photos\/oByzxkEnQDajYpfG9\"><img loading=\"lazy\" decoding=\"async\" class=\"  wp-image-913 aligncenter\" src=\"https:\/\/agora.xtec.cat\/ceiptorresjonama\/wp-content\/uploads\/usu279\/2017\/04\/img-20170331-wa0003.jpg\" alt=\"IMG-20170331-WA0003\" width=\"460\" height=\"259\" srcset=\"https:\/\/agora.xtec.cat\/ceiptorresjonama\/wp-content\/uploads\/usu279\/2017\/04\/img-20170331-wa0003.jpg 1600w, https:\/\/agora.xtec.cat\/ceiptorresjonama\/wp-content\/uploads\/usu279\/2017\/04\/img-20170331-wa0003-300x169.jpg 300w, https:\/\/agora.xtec.cat\/ceiptorresjonama\/wp-content\/uploads\/usu279\/2017\/04\/img-20170331-wa0003-768x432.jpg 768w, https:\/\/agora.xtec.cat\/ceiptorresjonama\/wp-content\/uploads\/usu279\/2017\/04\/img-20170331-wa0003-1024x576.jpg 1024w\" sizes=\"auto, (max-width: 460px) 100vw, 460px\" \/><\/a><\/p>\n","protected":false},"excerpt":{"rendered":"<p>El dissabte, 26 de mar\u00e7 la coral Refilets de la nostra escola va rebre la Coral de l&#8217;escola Torres Jonama de Palafrugell. En Josep i la Marita, mestres de m\u00fasica de les dues escoles havien preparat un repertori com\u00fa que van assajar en dos grups&hellip;  <a href=\"https:\/\/agora.xtec.cat\/ceiptorresjonama\/uncategorized\/musica-i-mes-musica\/\" title=\"Read M\u00fasica i m\u00e9s m\u00fasica.\">Llegeix m\u00e9s\u00bb<\/a><\/p>\n","protected":false},"author":1,"featured_media":0,"comment_status":"closed","ping_status":"closed","sticky":false,"template":"","format":"standard","meta":{"_bbp_topic_count":0,"_bbp_reply_count":0,"_bbp_total_topic_count":0,"_bbp_total_reply_count":0,"_bbp_voice_count":0,"_bbp_anonymous_reply_count":0,"_bbp_topic_count_hidden":0,"_bbp_reply_count_hidden":0,"_bbp_forum_subforum_count":0,"footnotes":""},"categories":[60],"tags":[],"class_list":["post-890","post","type-post","status-publish","format-standard","hentry","category-uncategorized"],"post_mailing_queue_ids":[],"_links":{"self":[{"href":"https:\/\/agora.xtec.cat\/ceiptorresjonama\/wp-json\/wp\/v2\/posts\/890","targetHints":{"allow":["GET"]}}],"collection":[{"href":"https:\/\/agora.xtec.cat\/ceiptorresjonama\/wp-json\/wp\/v2\/posts"}],"about":[{"href":"https:\/\/agora.xtec.cat\/ceiptorresjonama\/wp-json\/wp\/v2\/types\/post"}],"author":[{"embeddable":true,"href":"https:\/\/agora.xtec.cat\/ceiptorresjonama\/wp-json\/wp\/v2\/users\/1"}],"replies":[{"embeddable":true,"href":"https:\/\/agora.xtec.cat\/ceiptorresjonama\/wp-json\/wp\/v2\/comments?post=890"}],"version-history":[{"count":0,"href":"https:\/\/agora.xtec.cat\/ceiptorresjonama\/wp-json\/wp\/v2\/posts\/890\/revisions"}],"wp:attachment":[{"href":"https:\/\/agora.xtec.cat\/ceiptorresjonama\/wp-json\/wp\/v2\/media?parent=890"}],"wp:term":[{"taxonomy":"category","embeddable":true,"href":"https:\/\/agora.xtec.cat\/ceiptorresjonama\/wp-json\/wp\/v2\/categories?post=890"},{"taxonomy":"post_tag","embeddable":true,"href":"https:\/\/agora.xtec.cat\/ceiptorresjonama\/wp-json\/wp\/v2\/tags?post=890"}],"curies":[{"name":"wp","href":"https:\/\/api.w.org\/{rel}","templated":true}]}}