{"id":859,"date":"2017-03-01T17:31:43","date_gmt":"2017-03-01T16:31:43","guid":{"rendered":"https:\/\/torresjonama.wordpress.com\/?p=859"},"modified":"2017-03-01T17:31:43","modified_gmt":"2017-03-01T16:31:43","slug":"arriba-la-vella-quaresma","status":"publish","type":"post","link":"https:\/\/agora.xtec.cat\/ceiptorresjonama\/uncategorized\/arriba-la-vella-quaresma\/","title":{"rendered":"Arriba la Vella Quaresma"},"content":{"rendered":"<p style=\"text-align:justify;\">Benvolguts\/des,<\/p>\n<p style=\"text-align:justify;\">Aquest mat\u00ed a l&#8217;escola hem dut a terme el tradicional enterrament de la sardina. Els alumnes de Cicle Inicial s&#8217;han encarregat de portar-la fins a l&#8217;hort (on l&#8217;hem enterrat) acompanyats de la marxa f\u00fanebre interpretada pels alumnes de sis\u00e8. Tamb\u00e9 han fet entrega de la Vella Quaresma als alumnes d&#8217;Infantil, i ens hem acomiadat del Carnestoltes i la gresca i la disbauxa d&#8217;aquests dies. Esperem que us agradin les fotografies d&#8217;aquest \u00e0lbum (n&#8217;hi afegirem m\u00e9s). Recordeu que per accedir-hi hi heu de clicar al damunt):<\/p>\n<p style=\"text-align:justify;\"><a href=\"https:\/\/goo.gl\/photos\/kbJzSctcCGP6hLm27\"><img loading=\"lazy\" decoding=\"async\" class=\"alignnone size-full wp-image-871\" src=\"https:\/\/agora.xtec.cat\/ceiptorresjonama\/wp-content\/uploads\/usu279\/2017\/03\/img_3008.jpg\" alt=\"img_3008\" width=\"4032\" height=\"3024\" srcset=\"https:\/\/agora.xtec.cat\/ceiptorresjonama\/wp-content\/uploads\/usu279\/2017\/03\/img_3008.jpg 4032w, https:\/\/agora.xtec.cat\/ceiptorresjonama\/wp-content\/uploads\/usu279\/2017\/03\/img_3008-300x225.jpg 300w, https:\/\/agora.xtec.cat\/ceiptorresjonama\/wp-content\/uploads\/usu279\/2017\/03\/img_3008-768x576.jpg 768w, https:\/\/agora.xtec.cat\/ceiptorresjonama\/wp-content\/uploads\/usu279\/2017\/03\/img_3008-1024x768.jpg 1024w, https:\/\/agora.xtec.cat\/ceiptorresjonama\/wp-content\/uploads\/usu279\/2017\/03\/img_3008-200x150.jpg 200w\" sizes=\"auto, (max-width: 4032px) 100vw, 4032px\" \/><\/a><\/p>\n","protected":false},"excerpt":{"rendered":"<p>Benvolguts\/des,<br \/>\nAquest mat\u00ed a l&#8217;escola hem dut a terme el tradicional enterrament de la sardina. Els alumnes de Cicle Inicial s&#8217;han encarregat de portar-la fins a l&#8217;hort (on l&#8217;hem enterrat) acompanyats de la marxa f\u00fanebre interpretada pels alumnes de sis\u00e8. Tamb\u00e9 han fet entrega de la&hellip;  <a href=\"https:\/\/agora.xtec.cat\/ceiptorresjonama\/uncategorized\/arriba-la-vella-quaresma\/\" title=\"Read Arriba la Vella Quaresma\">Llegeix m\u00e9s\u00bb<\/a><\/p>\n","protected":false},"author":1,"featured_media":0,"comment_status":"closed","ping_status":"closed","sticky":false,"template":"","format":"standard","meta":{"_bbp_topic_count":0,"_bbp_reply_count":0,"_bbp_total_topic_count":0,"_bbp_total_reply_count":0,"_bbp_voice_count":0,"_bbp_anonymous_reply_count":0,"_bbp_topic_count_hidden":0,"_bbp_reply_count_hidden":0,"_bbp_forum_subforum_count":0,"footnotes":""},"categories":[60],"tags":[],"class_list":["post-859","post","type-post","status-publish","format-standard","hentry","category-uncategorized"],"post_mailing_queue_ids":[],"_links":{"self":[{"href":"https:\/\/agora.xtec.cat\/ceiptorresjonama\/wp-json\/wp\/v2\/posts\/859","targetHints":{"allow":["GET"]}}],"collection":[{"href":"https:\/\/agora.xtec.cat\/ceiptorresjonama\/wp-json\/wp\/v2\/posts"}],"about":[{"href":"https:\/\/agora.xtec.cat\/ceiptorresjonama\/wp-json\/wp\/v2\/types\/post"}],"author":[{"embeddable":true,"href":"https:\/\/agora.xtec.cat\/ceiptorresjonama\/wp-json\/wp\/v2\/users\/1"}],"replies":[{"embeddable":true,"href":"https:\/\/agora.xtec.cat\/ceiptorresjonama\/wp-json\/wp\/v2\/comments?post=859"}],"version-history":[{"count":0,"href":"https:\/\/agora.xtec.cat\/ceiptorresjonama\/wp-json\/wp\/v2\/posts\/859\/revisions"}],"wp:attachment":[{"href":"https:\/\/agora.xtec.cat\/ceiptorresjonama\/wp-json\/wp\/v2\/media?parent=859"}],"wp:term":[{"taxonomy":"category","embeddable":true,"href":"https:\/\/agora.xtec.cat\/ceiptorresjonama\/wp-json\/wp\/v2\/categories?post=859"},{"taxonomy":"post_tag","embeddable":true,"href":"https:\/\/agora.xtec.cat\/ceiptorresjonama\/wp-json\/wp\/v2\/tags?post=859"}],"curies":[{"name":"wp","href":"https:\/\/api.w.org\/{rel}","templated":true}]}}