{"id":8436,"date":"2025-02-14T16:21:10","date_gmt":"2025-02-14T15:21:10","guid":{"rendered":"https:\/\/agora.xtec.cat\/ceiptorresjonama\/?p=8436"},"modified":"2025-02-14T17:12:52","modified_gmt":"2025-02-14T16:12:52","slug":"sortides-a-fundacio-mona-i-volca-montsacopa","status":"publish","type":"post","link":"https:\/\/agora.xtec.cat\/ceiptorresjonama\/primaria\/4t\/sortides-a-fundacio-mona-i-volca-montsacopa\/","title":{"rendered":"SORTIDES A &#8220;FUNDACI\u00d3 MONA&#8221; I &#8220;VOLC\u00c0 MONTSACOPA&#8221;"},"content":{"rendered":"<p>&nbsp;<\/p>\n<p><a href=\"https:\/\/agora.xtec.cat\/ceiptorresjonama\/wp-content\/uploads\/usu279\/2025\/02\/Volca1.jpg\"><img loading=\"lazy\" decoding=\"async\" class=\"aligncenter size-large wp-image-8450\" src=\"https:\/\/agora.xtec.cat\/ceiptorresjonama\/wp-content\/uploads\/usu279\/2025\/02\/Volca1-1024x462.jpg\" alt=\"\" width=\"1024\" height=\"462\" srcset=\"https:\/\/agora.xtec.cat\/ceiptorresjonama\/wp-content\/uploads\/usu279\/2025\/02\/Volca1-1024x462.jpg 1024w, https:\/\/agora.xtec.cat\/ceiptorresjonama\/wp-content\/uploads\/usu279\/2025\/02\/Volca1-300x135.jpg 300w, https:\/\/agora.xtec.cat\/ceiptorresjonama\/wp-content\/uploads\/usu279\/2025\/02\/Volca1-768x346.jpg 768w, https:\/\/agora.xtec.cat\/ceiptorresjonama\/wp-content\/uploads\/usu279\/2025\/02\/Volca1-1536x692.jpg 1536w, https:\/\/agora.xtec.cat\/ceiptorresjonama\/wp-content\/uploads\/usu279\/2025\/02\/Volca1-2048x923.jpg 2048w\" sizes=\"auto, (max-width: 1024px) 100vw, 1024px\" \/><\/a><\/p>\n<p>&nbsp;<\/p>\n<p>Els alumnes de 4t i 3r de la nostra escola, el dia 30 de gener vam fer una sortida a la &#8220;Fundaci\u00f3 Mona&#8221; de Riudellots de la Selva. Vam aprendre i reflexionar sobre com n&#8217;\u00e9s d&#8217;important que els animals salvatges visquin en llibertat. Vam veure els ximpanz\u00e9s i macacos, i la feina tan solid\u00e0ria que fa la fundaci\u00f3 per donar-los una vida digna despr\u00e9s del seu patiment.<\/p>\n<p>El dia 11 de febrer vam anar a Olot i vam visitar el volc\u00e0 Montsacopa. Uns monitors ens van explicar molt b\u00e9, com s\u00f3n els volcans de la Garrotxa i curiositats interessants sobre les seves caracter\u00edstiques.<\/p>\n<p>Vam gaudir i aprendre molt\u00edssim a les dues sortides!<\/p>\n<p>Trobareu les fotografies al drive del vostre curs.<\/p>\n<p>&nbsp;<\/p>\n<p>&nbsp;<\/p>\n<p>&nbsp;<\/p>\n<p>&nbsp;<\/p>\n<p>&nbsp;<\/p>\n<p>&nbsp;<\/p>\n","protected":false},"excerpt":{"rendered":"<p>&nbsp;<br \/>\n<a href=\"https:\/\/agora.xtec.cat\/ceiptorresjonama\/wp-content\/uploads\/usu279\/2025\/02\/Volca1.jpg\"><\/a><br \/>\n&nbsp;<br \/>\nEls alumnes de 4t i 3r de la nostra escola, el dia 30 de gener vam fer una sortida a la &#8220;Fundaci\u00f3 Mona&#8221; de Riudellots de la Selva. Vam aprendre i reflexionar sobre com n&#8217;\u00e9s d&#8217;important que els animals salvatges visquin en llibertat. Vam&hellip;  <a href=\"https:\/\/agora.xtec.cat\/ceiptorresjonama\/primaria\/4t\/sortides-a-fundacio-mona-i-volca-montsacopa\/\" title=\"Read SORTIDES A &#8220;FUNDACI\u00d3 MONA&#8221; I &#8220;VOLC\u00c0 MONTSACOPA&#8221;\">Llegeix m\u00e9s\u00bb<\/a><\/p>\n","protected":false},"author":4,"featured_media":0,"comment_status":"closed","ping_status":"closed","sticky":false,"template":"","format":"standard","meta":{"_bbp_topic_count":0,"_bbp_reply_count":0,"_bbp_total_topic_count":0,"_bbp_total_reply_count":0,"_bbp_voice_count":0,"_bbp_anonymous_reply_count":0,"_bbp_topic_count_hidden":0,"_bbp_reply_count_hidden":0,"_bbp_forum_subforum_count":0,"footnotes":""},"categories":[11],"tags":[],"class_list":["post-8436","post","type-post","status-publish","format-standard","hentry","category-4t"],"post_mailing_queue_ids":[],"_links":{"self":[{"href":"https:\/\/agora.xtec.cat\/ceiptorresjonama\/wp-json\/wp\/v2\/posts\/8436","targetHints":{"allow":["GET"]}}],"collection":[{"href":"https:\/\/agora.xtec.cat\/ceiptorresjonama\/wp-json\/wp\/v2\/posts"}],"about":[{"href":"https:\/\/agora.xtec.cat\/ceiptorresjonama\/wp-json\/wp\/v2\/types\/post"}],"author":[{"embeddable":true,"href":"https:\/\/agora.xtec.cat\/ceiptorresjonama\/wp-json\/wp\/v2\/users\/4"}],"replies":[{"embeddable":true,"href":"https:\/\/agora.xtec.cat\/ceiptorresjonama\/wp-json\/wp\/v2\/comments?post=8436"}],"version-history":[{"count":6,"href":"https:\/\/agora.xtec.cat\/ceiptorresjonama\/wp-json\/wp\/v2\/posts\/8436\/revisions"}],"predecessor-version":[{"id":8451,"href":"https:\/\/agora.xtec.cat\/ceiptorresjonama\/wp-json\/wp\/v2\/posts\/8436\/revisions\/8451"}],"wp:attachment":[{"href":"https:\/\/agora.xtec.cat\/ceiptorresjonama\/wp-json\/wp\/v2\/media?parent=8436"}],"wp:term":[{"taxonomy":"category","embeddable":true,"href":"https:\/\/agora.xtec.cat\/ceiptorresjonama\/wp-json\/wp\/v2\/categories?post=8436"},{"taxonomy":"post_tag","embeddable":true,"href":"https:\/\/agora.xtec.cat\/ceiptorresjonama\/wp-json\/wp\/v2\/tags?post=8436"}],"curies":[{"name":"wp","href":"https:\/\/api.w.org\/{rel}","templated":true}]}}