{"id":8407,"date":"2024-11-26T12:57:41","date_gmt":"2024-11-26T11:57:41","guid":{"rendered":"https:\/\/agora.xtec.cat\/ceiptorresjonama\/?p=8407"},"modified":"2024-11-26T18:57:40","modified_gmt":"2024-11-26T17:57:40","slug":"anem-a-plantar-arbres","status":"publish","type":"post","link":"https:\/\/agora.xtec.cat\/ceiptorresjonama\/general\/anem-a-plantar-arbres\/","title":{"rendered":"Anem a plantar arbres"},"content":{"rendered":"<p>El dimecres 22 de novembre tot l&#8217;alumnat de l&#8217;escola vam anar a plantar arbres al parc Pilar\u00edn Bay\u00e9s. \u00c9s una activitat que organitzava l&#8217;Ajuntament de Mont-ras i que ens va fer molta il\u00b7lusi\u00f3 participar-hi!!<\/p>\n<p>&nbsp;<\/p>\n<table style=\"width: 100%; border-collapse: collapse; border-style: hidden; background-color: #399646;\">\n<tbody>\n<tr>\n<td style=\"width: 50%;\">&nbsp;<\/p>\n<p>&nbsp;<\/p>\n<p><a href=\"https:\/\/agora.xtec.cat\/ceiptorresjonama\/wp-content\/uploads\/usu279\/2024\/11\/1732621960235.jpg\"><img loading=\"lazy\" decoding=\"async\" class=\"aligncenter wp-image-8408\" src=\"https:\/\/agora.xtec.cat\/ceiptorresjonama\/wp-content\/uploads\/usu279\/2024\/11\/1732621960235.jpg\" alt=\"\" width=\"420\" height=\"558\" srcset=\"https:\/\/agora.xtec.cat\/ceiptorresjonama\/wp-content\/uploads\/usu279\/2024\/11\/1732621960235.jpg 1536w, https:\/\/agora.xtec.cat\/ceiptorresjonama\/wp-content\/uploads\/usu279\/2024\/11\/1732621960235-226x300.jpg 226w, https:\/\/agora.xtec.cat\/ceiptorresjonama\/wp-content\/uploads\/usu279\/2024\/11\/1732621960235-771x1024.jpg 771w, https:\/\/agora.xtec.cat\/ceiptorresjonama\/wp-content\/uploads\/usu279\/2024\/11\/1732621960235-768x1020.jpg 768w, https:\/\/agora.xtec.cat\/ceiptorresjonama\/wp-content\/uploads\/usu279\/2024\/11\/1732621960235-1157x1536.jpg 1157w\" sizes=\"auto, (max-width: 420px) 100vw, 420px\" \/><\/a><\/p>\n<p>&nbsp;<\/td>\n<td style=\"width: 50%;\"><a href=\"https:\/\/agora.xtec.cat\/ceiptorresjonama\/wp-content\/uploads\/usu279\/2024\/11\/Arbres.jpg\"><img loading=\"lazy\" decoding=\"async\" class=\"aligncenter size-full wp-image-8411\" src=\"https:\/\/agora.xtec.cat\/ceiptorresjonama\/wp-content\/uploads\/usu279\/2024\/11\/Arbres.jpg\" alt=\"\" width=\"1550\" height=\"1500\" srcset=\"https:\/\/agora.xtec.cat\/ceiptorresjonama\/wp-content\/uploads\/usu279\/2024\/11\/Arbres.jpg 1550w, https:\/\/agora.xtec.cat\/ceiptorresjonama\/wp-content\/uploads\/usu279\/2024\/11\/Arbres-300x290.jpg 300w, https:\/\/agora.xtec.cat\/ceiptorresjonama\/wp-content\/uploads\/usu279\/2024\/11\/Arbres-1024x991.jpg 1024w, https:\/\/agora.xtec.cat\/ceiptorresjonama\/wp-content\/uploads\/usu279\/2024\/11\/Arbres-768x743.jpg 768w, https:\/\/agora.xtec.cat\/ceiptorresjonama\/wp-content\/uploads\/usu279\/2024\/11\/Arbres-1536x1486.jpg 1536w\" sizes=\"auto, (max-width: 1550px) 100vw, 1550px\" \/><\/a><\/td>\n<\/tr>\n<\/tbody>\n<\/table>\n<p>&nbsp;<\/p>\n","protected":false},"excerpt":{"rendered":"<p>El dimecres 22 de novembre tot l&#8217;alumnat de l&#8217;escola vam anar a plantar arbres al parc Pilar\u00edn Bay\u00e9s. \u00c9s una activitat que organitzava l&#8217;Ajuntament de Mont-ras i que ens va fer molta il\u00b7lusi\u00f3 participar-hi!!<br \/>\n&nbsp;<\/p>\n<p>&nbsp;<br \/>\n&nbsp;<br \/>\n<a href=\"https:\/\/agora.xtec.cat\/ceiptorresjonama\/wp-content\/uploads\/usu279\/2024\/11\/1732621960235.jpg\"><\/a><br \/>\n&nbsp;<br \/>\n<a href=\"https:\/\/agora.xtec.cat\/ceiptorresjonama\/wp-content\/uploads\/usu279\/2024\/11\/Arbres.jpg\"><\/a><\/p>\n<p>&nbsp;<\/p>\n","protected":false},"author":3,"featured_media":0,"comment_status":"closed","ping_status":"closed","sticky":false,"template":"","format":"standard","meta":{"_bbp_topic_count":0,"_bbp_reply_count":0,"_bbp_total_topic_count":0,"_bbp_total_reply_count":0,"_bbp_voice_count":0,"_bbp_anonymous_reply_count":0,"_bbp_topic_count_hidden":0,"_bbp_reply_count_hidden":0,"_bbp_forum_subforum_count":0,"footnotes":""},"categories":[1],"tags":[],"class_list":["post-8407","post","type-post","status-publish","format-standard","hentry","category-general"],"post_mailing_queue_ids":[],"_links":{"self":[{"href":"https:\/\/agora.xtec.cat\/ceiptorresjonama\/wp-json\/wp\/v2\/posts\/8407","targetHints":{"allow":["GET"]}}],"collection":[{"href":"https:\/\/agora.xtec.cat\/ceiptorresjonama\/wp-json\/wp\/v2\/posts"}],"about":[{"href":"https:\/\/agora.xtec.cat\/ceiptorresjonama\/wp-json\/wp\/v2\/types\/post"}],"author":[{"embeddable":true,"href":"https:\/\/agora.xtec.cat\/ceiptorresjonama\/wp-json\/wp\/v2\/users\/3"}],"replies":[{"embeddable":true,"href":"https:\/\/agora.xtec.cat\/ceiptorresjonama\/wp-json\/wp\/v2\/comments?post=8407"}],"version-history":[{"count":4,"href":"https:\/\/agora.xtec.cat\/ceiptorresjonama\/wp-json\/wp\/v2\/posts\/8407\/revisions"}],"predecessor-version":[{"id":8413,"href":"https:\/\/agora.xtec.cat\/ceiptorresjonama\/wp-json\/wp\/v2\/posts\/8407\/revisions\/8413"}],"wp:attachment":[{"href":"https:\/\/agora.xtec.cat\/ceiptorresjonama\/wp-json\/wp\/v2\/media?parent=8407"}],"wp:term":[{"taxonomy":"category","embeddable":true,"href":"https:\/\/agora.xtec.cat\/ceiptorresjonama\/wp-json\/wp\/v2\/categories?post=8407"},{"taxonomy":"post_tag","embeddable":true,"href":"https:\/\/agora.xtec.cat\/ceiptorresjonama\/wp-json\/wp\/v2\/tags?post=8407"}],"curies":[{"name":"wp","href":"https:\/\/api.w.org\/{rel}","templated":true}]}}