{"id":8403,"date":"2024-11-13T13:36:02","date_gmt":"2024-11-13T12:36:02","guid":{"rendered":"https:\/\/agora.xtec.cat\/ceiptorresjonama\/?p=8403"},"modified":"2024-11-13T13:36:02","modified_gmt":"2024-11-13T12:36:02","slug":"setmana-de-la-ciencia-2","status":"publish","type":"post","link":"https:\/\/agora.xtec.cat\/ceiptorresjonama\/primaria\/6e\/setmana-de-la-ciencia-2\/","title":{"rendered":"SETMANA DE LA CI\u00c8NCIA"},"content":{"rendered":"<p>Els alumnes de sis\u00e8 de prim\u00e0ria \u00a0van participar el dimarts 12 de novembre a la <strong>jornada de Ci\u00e8ncia celebrada a Palafrugell.\u00a0 <\/strong>L\u2019activitat forma part de la Setmana de la Ci\u00e8ncia, que es duu a terme a tot Catalunya fins al 17 de novembre, amb la intenci\u00f3 de promoure l\u2019inter\u00e8s per la ci\u00e8ncia entre els estudiants.<\/p>\n<p>A Palafrugell, els alumnes de segon d\u2019educaci\u00f3 secund\u00e0ria obligat\u00f2ria, amb el suport del professorat, han dissenyat i dinamitzat activitats cient\u00edfiques per als estudiants de sis\u00e8 de prim\u00e0ria de les escoles de Palafrugell, Mont-ras, Pals, Esclany\u00e0 i Begur.<\/p>\n<p>Podeu visualitzar les fotos al drive<\/p>\n<p><a href=\"https:\/\/agora.xtec.cat\/ceiptorresjonama\/wp-content\/uploads\/usu279\/2024\/11\/El-Museu-del-Suro-de-Catalunya-participa-en-la-29a-Setmana-de-la-Ciencia-amb-un-seguit-de-propostes-educatives-a-Palafrugell.png\"><img loading=\"lazy\" decoding=\"async\" class=\"aligncenter size-medium wp-image-8404\" src=\"https:\/\/agora.xtec.cat\/ceiptorresjonama\/wp-content\/uploads\/usu279\/2024\/11\/El-Museu-del-Suro-de-Catalunya-participa-en-la-29a-Setmana-de-la-Ciencia-amb-un-seguit-de-propostes-educatives-a-Palafrugell-252x300.png\" alt=\"\" width=\"252\" height=\"300\" srcset=\"https:\/\/agora.xtec.cat\/ceiptorresjonama\/wp-content\/uploads\/usu279\/2024\/11\/El-Museu-del-Suro-de-Catalunya-participa-en-la-29a-Setmana-de-la-Ciencia-amb-un-seguit-de-propostes-educatives-a-Palafrugell-252x300.png 252w, https:\/\/agora.xtec.cat\/ceiptorresjonama\/wp-content\/uploads\/usu279\/2024\/11\/El-Museu-del-Suro-de-Catalunya-participa-en-la-29a-Setmana-de-la-Ciencia-amb-un-seguit-de-propostes-educatives-a-Palafrugell.png 574w\" sizes=\"auto, (max-width: 252px) 100vw, 252px\" \/><\/a><\/p>\n","protected":false},"excerpt":{"rendered":"<p>Els alumnes de sis\u00e8 de prim\u00e0ria \u00a0van participar el dimarts 12 de novembre a la jornada de Ci\u00e8ncia celebrada a Palafrugell.\u00a0 L\u2019activitat forma part de la Setmana de la Ci\u00e8ncia, que es duu a terme a tot Catalunya fins al 17 de novembre, amb la&hellip;  <a href=\"https:\/\/agora.xtec.cat\/ceiptorresjonama\/primaria\/6e\/setmana-de-la-ciencia-2\/\" title=\"Read SETMANA DE LA CI\u00c8NCIA\">Llegeix m\u00e9s\u00bb<\/a><\/p>\n","protected":false},"author":4,"featured_media":0,"comment_status":"closed","ping_status":"closed","sticky":false,"template":"","format":"standard","meta":{"_bbp_topic_count":0,"_bbp_reply_count":0,"_bbp_total_topic_count":0,"_bbp_total_reply_count":0,"_bbp_voice_count":0,"_bbp_anonymous_reply_count":0,"_bbp_topic_count_hidden":0,"_bbp_reply_count_hidden":0,"_bbp_forum_subforum_count":0,"footnotes":""},"categories":[13],"tags":[],"class_list":["post-8403","post","type-post","status-publish","format-standard","hentry","category-6e"],"post_mailing_queue_ids":[],"_links":{"self":[{"href":"https:\/\/agora.xtec.cat\/ceiptorresjonama\/wp-json\/wp\/v2\/posts\/8403","targetHints":{"allow":["GET"]}}],"collection":[{"href":"https:\/\/agora.xtec.cat\/ceiptorresjonama\/wp-json\/wp\/v2\/posts"}],"about":[{"href":"https:\/\/agora.xtec.cat\/ceiptorresjonama\/wp-json\/wp\/v2\/types\/post"}],"author":[{"embeddable":true,"href":"https:\/\/agora.xtec.cat\/ceiptorresjonama\/wp-json\/wp\/v2\/users\/4"}],"replies":[{"embeddable":true,"href":"https:\/\/agora.xtec.cat\/ceiptorresjonama\/wp-json\/wp\/v2\/comments?post=8403"}],"version-history":[{"count":2,"href":"https:\/\/agora.xtec.cat\/ceiptorresjonama\/wp-json\/wp\/v2\/posts\/8403\/revisions"}],"predecessor-version":[{"id":8406,"href":"https:\/\/agora.xtec.cat\/ceiptorresjonama\/wp-json\/wp\/v2\/posts\/8403\/revisions\/8406"}],"wp:attachment":[{"href":"https:\/\/agora.xtec.cat\/ceiptorresjonama\/wp-json\/wp\/v2\/media?parent=8403"}],"wp:term":[{"taxonomy":"category","embeddable":true,"href":"https:\/\/agora.xtec.cat\/ceiptorresjonama\/wp-json\/wp\/v2\/categories?post=8403"},{"taxonomy":"post_tag","embeddable":true,"href":"https:\/\/agora.xtec.cat\/ceiptorresjonama\/wp-json\/wp\/v2\/tags?post=8403"}],"curies":[{"name":"wp","href":"https:\/\/api.w.org\/{rel}","templated":true}]}}