{"id":8288,"date":"2024-06-17T13:37:50","date_gmt":"2024-06-17T11:37:50","guid":{"rendered":"https:\/\/agora.xtec.cat\/ceiptorresjonama\/?p=8288"},"modified":"2024-06-27T12:54:18","modified_gmt":"2024-06-27T10:54:18","slug":"festa-25-anys-descoles-verdes","status":"publish","type":"post","link":"https:\/\/agora.xtec.cat\/ceiptorresjonama\/primaria\/5e\/festa-25-anys-descoles-verdes\/","title":{"rendered":"Festa 25 anys d&#8217;Escoles Verdes"},"content":{"rendered":"<p>El passat 7 de juny vam assistir a la celebraci\u00f3 dels 25 anys de les Escoles Verdes de Catalunya al Mont Sant Benet a Sant Fruit\u00f3s de Bages.<\/p>\n<p>En representaci\u00f3 de l&#8217;escola hi van anar els alumnes del comit\u00e8 ambiental de 5\u00e8 i 6\u00e8.<\/p>\n<p>Va ser una jornada fant\u00e0stica plena d&#8217;activitats, tallers i espectacles.<\/p>\n<p>&nbsp;<\/p>\n<p><a href=\"https:\/\/agora.xtec.cat\/ceiptorresjonama\/wp-content\/uploads\/usu279\/2024\/06\/IMG_20240607_111030-scaled.jpg\"><img loading=\"lazy\" decoding=\"async\" class=\"aligncenter wp-image-8289 \" src=\"https:\/\/agora.xtec.cat\/ceiptorresjonama\/wp-content\/uploads\/usu279\/2024\/06\/IMG_20240607_111030-214x300.jpg\" alt=\"\" width=\"258\" height=\"362\" srcset=\"https:\/\/agora.xtec.cat\/ceiptorresjonama\/wp-content\/uploads\/usu279\/2024\/06\/IMG_20240607_111030-214x300.jpg 214w, https:\/\/agora.xtec.cat\/ceiptorresjonama\/wp-content\/uploads\/usu279\/2024\/06\/IMG_20240607_111030-732x1024.jpg 732w, https:\/\/agora.xtec.cat\/ceiptorresjonama\/wp-content\/uploads\/usu279\/2024\/06\/IMG_20240607_111030-768x1075.jpg 768w, https:\/\/agora.xtec.cat\/ceiptorresjonama\/wp-content\/uploads\/usu279\/2024\/06\/IMG_20240607_111030-1098x1536.jpg 1098w, https:\/\/agora.xtec.cat\/ceiptorresjonama\/wp-content\/uploads\/usu279\/2024\/06\/IMG_20240607_111030-1463x2048.jpg 1463w, https:\/\/agora.xtec.cat\/ceiptorresjonama\/wp-content\/uploads\/usu279\/2024\/06\/IMG_20240607_111030-scaled.jpg 1829w\" sizes=\"auto, (max-width: 258px) 100vw, 258px\" \/><\/a><\/p>\n","protected":false},"excerpt":{"rendered":"<p>El passat 7 de juny vam assistir a la celebraci\u00f3 dels 25 anys de les Escoles Verdes de Catalunya al Mont Sant Benet a Sant Fruit\u00f3s de Bages.<br \/>\nEn representaci\u00f3 de l&#8217;escola hi van anar els alumnes del comit\u00e8 ambiental de 5\u00e8 i 6\u00e8.<br \/>\nVa ser una&hellip;  <a href=\"https:\/\/agora.xtec.cat\/ceiptorresjonama\/primaria\/5e\/festa-25-anys-descoles-verdes\/\" title=\"Read Festa 25 anys d&#8217;Escoles Verdes\">Llegeix m\u00e9s\u00bb<\/a><\/p>\n","protected":false},"author":4,"featured_media":0,"comment_status":"closed","ping_status":"closed","sticky":false,"template":"","format":"standard","meta":{"_bbp_topic_count":0,"_bbp_reply_count":0,"_bbp_total_topic_count":0,"_bbp_total_reply_count":0,"_bbp_voice_count":0,"_bbp_anonymous_reply_count":0,"_bbp_topic_count_hidden":0,"_bbp_reply_count_hidden":0,"_bbp_forum_subforum_count":0,"footnotes":""},"categories":[12,13,85],"tags":[],"class_list":["post-8288","post","type-post","status-publish","format-standard","hentry","category-5e","category-6e","category-comissio"],"post_mailing_queue_ids":[],"_links":{"self":[{"href":"https:\/\/agora.xtec.cat\/ceiptorresjonama\/wp-json\/wp\/v2\/posts\/8288","targetHints":{"allow":["GET"]}}],"collection":[{"href":"https:\/\/agora.xtec.cat\/ceiptorresjonama\/wp-json\/wp\/v2\/posts"}],"about":[{"href":"https:\/\/agora.xtec.cat\/ceiptorresjonama\/wp-json\/wp\/v2\/types\/post"}],"author":[{"embeddable":true,"href":"https:\/\/agora.xtec.cat\/ceiptorresjonama\/wp-json\/wp\/v2\/users\/4"}],"replies":[{"embeddable":true,"href":"https:\/\/agora.xtec.cat\/ceiptorresjonama\/wp-json\/wp\/v2\/comments?post=8288"}],"version-history":[{"count":1,"href":"https:\/\/agora.xtec.cat\/ceiptorresjonama\/wp-json\/wp\/v2\/posts\/8288\/revisions"}],"predecessor-version":[{"id":8290,"href":"https:\/\/agora.xtec.cat\/ceiptorresjonama\/wp-json\/wp\/v2\/posts\/8288\/revisions\/8290"}],"wp:attachment":[{"href":"https:\/\/agora.xtec.cat\/ceiptorresjonama\/wp-json\/wp\/v2\/media?parent=8288"}],"wp:term":[{"taxonomy":"category","embeddable":true,"href":"https:\/\/agora.xtec.cat\/ceiptorresjonama\/wp-json\/wp\/v2\/categories?post=8288"},{"taxonomy":"post_tag","embeddable":true,"href":"https:\/\/agora.xtec.cat\/ceiptorresjonama\/wp-json\/wp\/v2\/tags?post=8288"}],"curies":[{"name":"wp","href":"https:\/\/api.w.org\/{rel}","templated":true}]}}