{"id":8269,"date":"2024-05-22T10:34:24","date_gmt":"2024-05-22T08:34:24","guid":{"rendered":"https:\/\/agora.xtec.cat\/ceiptorresjonama\/?p=8269"},"modified":"2024-05-22T13:17:47","modified_gmt":"2024-05-22T11:17:47","slug":"dia-internacional-de-la-dansa","status":"publish","type":"post","link":"https:\/\/agora.xtec.cat\/ceiptorresjonama\/general\/dia-internacional-de-la-dansa\/","title":{"rendered":"Dia Internacional de la dansa"},"content":{"rendered":"<p>El dimarts 21 de maig vam celebrar el dia internacional de la dansa a la pla\u00e7a de l&#8217;Esgl\u00e9sia de Mont-ras. Les fam\u00edlies van poder gaudir de l&#8217;espectacle que va realitzar l&#8217;alumnat de prim\u00e0ria. Agra\u00efm la participaci\u00f3 i col\u00b7laboraci\u00f3 de l&#8217;Ajuntament de Mont-ras, les fam\u00edlies, les mestres i l&#8217;alumnat. L&#8217;experi\u00e8ncia va ser molt positiva i engrescadora per a tothom!<\/p>\n<p><a href=\"https:\/\/agora.xtec.cat\/ceiptorresjonama\/wp-content\/uploads\/usu279\/2024\/05\/Dansa-1.jpg\"><img loading=\"lazy\" decoding=\"async\" class=\"aligncenter wp-image-8270\" src=\"https:\/\/agora.xtec.cat\/ceiptorresjonama\/wp-content\/uploads\/usu279\/2024\/05\/Dansa-1.jpg\" alt=\"\" width=\"752\" height=\"564\" srcset=\"https:\/\/agora.xtec.cat\/ceiptorresjonama\/wp-content\/uploads\/usu279\/2024\/05\/Dansa-1.jpg 2000w, https:\/\/agora.xtec.cat\/ceiptorresjonama\/wp-content\/uploads\/usu279\/2024\/05\/Dansa-1-300x225.jpg 300w, https:\/\/agora.xtec.cat\/ceiptorresjonama\/wp-content\/uploads\/usu279\/2024\/05\/Dansa-1-1024x768.jpg 1024w, https:\/\/agora.xtec.cat\/ceiptorresjonama\/wp-content\/uploads\/usu279\/2024\/05\/Dansa-1-768x576.jpg 768w, https:\/\/agora.xtec.cat\/ceiptorresjonama\/wp-content\/uploads\/usu279\/2024\/05\/Dansa-1-1536x1152.jpg 1536w, https:\/\/agora.xtec.cat\/ceiptorresjonama\/wp-content\/uploads\/usu279\/2024\/05\/Dansa-1-200x150.jpg 200w\" sizes=\"auto, (max-width: 752px) 100vw, 752px\" \/><\/a> <a href=\"https:\/\/agora.xtec.cat\/ceiptorresjonama\/wp-content\/uploads\/usu279\/2024\/05\/Dansa.jpg\"><img loading=\"lazy\" decoding=\"async\" class=\"aligncenter wp-image-8271\" src=\"https:\/\/agora.xtec.cat\/ceiptorresjonama\/wp-content\/uploads\/usu279\/2024\/05\/Dansa.jpg\" alt=\"\" width=\"749\" height=\"562\" srcset=\"https:\/\/agora.xtec.cat\/ceiptorresjonama\/wp-content\/uploads\/usu279\/2024\/05\/Dansa.jpg 2000w, https:\/\/agora.xtec.cat\/ceiptorresjonama\/wp-content\/uploads\/usu279\/2024\/05\/Dansa-300x225.jpg 300w, https:\/\/agora.xtec.cat\/ceiptorresjonama\/wp-content\/uploads\/usu279\/2024\/05\/Dansa-1024x768.jpg 1024w, https:\/\/agora.xtec.cat\/ceiptorresjonama\/wp-content\/uploads\/usu279\/2024\/05\/Dansa-768x576.jpg 768w, https:\/\/agora.xtec.cat\/ceiptorresjonama\/wp-content\/uploads\/usu279\/2024\/05\/Dansa-1536x1152.jpg 1536w, https:\/\/agora.xtec.cat\/ceiptorresjonama\/wp-content\/uploads\/usu279\/2024\/05\/Dansa-200x150.jpg 200w\" sizes=\"auto, (max-width: 749px) 100vw, 749px\" \/><\/a><\/p>\n","protected":false},"excerpt":{"rendered":"<p>El dimarts 21 de maig vam celebrar el dia internacional de la dansa a la pla\u00e7a de l&#8217;Esgl\u00e9sia de Mont-ras. Les fam\u00edlies van poder gaudir de l&#8217;espectacle que va realitzar l&#8217;alumnat de prim\u00e0ria. Agra\u00efm la participaci\u00f3 i col\u00b7laboraci\u00f3 de l&#8217;Ajuntament de Mont-ras, les fam\u00edlies, les&hellip;  <a href=\"https:\/\/agora.xtec.cat\/ceiptorresjonama\/general\/dia-internacional-de-la-dansa\/\" title=\"Read Dia Internacional de la dansa\">Llegeix m\u00e9s\u00bb<\/a><\/p>\n","protected":false},"author":3,"featured_media":0,"comment_status":"closed","ping_status":"closed","sticky":false,"template":"","format":"standard","meta":{"_bbp_topic_count":0,"_bbp_reply_count":0,"_bbp_total_topic_count":0,"_bbp_total_reply_count":0,"_bbp_voice_count":0,"_bbp_anonymous_reply_count":0,"_bbp_topic_count_hidden":0,"_bbp_reply_count_hidden":0,"_bbp_forum_subforum_count":0,"footnotes":""},"categories":[8,9,10,11,12,13,1,77,71,3],"tags":[],"class_list":["post-8269","post","type-post","status-publish","format-standard","hentry","category-1r","category-2n","category-3r","category-4t","category-5e","category-6e","category-general","category-i3","category-i4a","category-i5"],"post_mailing_queue_ids":[],"_links":{"self":[{"href":"https:\/\/agora.xtec.cat\/ceiptorresjonama\/wp-json\/wp\/v2\/posts\/8269","targetHints":{"allow":["GET"]}}],"collection":[{"href":"https:\/\/agora.xtec.cat\/ceiptorresjonama\/wp-json\/wp\/v2\/posts"}],"about":[{"href":"https:\/\/agora.xtec.cat\/ceiptorresjonama\/wp-json\/wp\/v2\/types\/post"}],"author":[{"embeddable":true,"href":"https:\/\/agora.xtec.cat\/ceiptorresjonama\/wp-json\/wp\/v2\/users\/3"}],"replies":[{"embeddable":true,"href":"https:\/\/agora.xtec.cat\/ceiptorresjonama\/wp-json\/wp\/v2\/comments?post=8269"}],"version-history":[{"count":3,"href":"https:\/\/agora.xtec.cat\/ceiptorresjonama\/wp-json\/wp\/v2\/posts\/8269\/revisions"}],"predecessor-version":[{"id":8274,"href":"https:\/\/agora.xtec.cat\/ceiptorresjonama\/wp-json\/wp\/v2\/posts\/8269\/revisions\/8274"}],"wp:attachment":[{"href":"https:\/\/agora.xtec.cat\/ceiptorresjonama\/wp-json\/wp\/v2\/media?parent=8269"}],"wp:term":[{"taxonomy":"category","embeddable":true,"href":"https:\/\/agora.xtec.cat\/ceiptorresjonama\/wp-json\/wp\/v2\/categories?post=8269"},{"taxonomy":"post_tag","embeddable":true,"href":"https:\/\/agora.xtec.cat\/ceiptorresjonama\/wp-json\/wp\/v2\/tags?post=8269"}],"curies":[{"name":"wp","href":"https:\/\/api.w.org\/{rel}","templated":true}]}}