{"id":8200,"date":"2024-02-21T16:45:07","date_gmt":"2024-02-21T15:45:07","guid":{"rendered":"https:\/\/agora.xtec.cat\/ceiptorresjonama\/?p=8200"},"modified":"2024-06-28T10:14:39","modified_gmt":"2024-06-28T08:14:39","slug":"100tifica","status":"publish","type":"post","link":"https:\/\/agora.xtec.cat\/ceiptorresjonama\/primaria\/6e\/100tifica\/","title":{"rendered":"100T\u00cdFICA"},"content":{"rendered":"<p><b>ANDREA CASADES\u00daS CABRAL<\/b><\/p>\n<p><span style=\"font-weight: 400\"><a style=\"color: #2795b6\" href=\"https:\/\/agora.xtec.cat\/ceiptorresjonama\/wp-content\/uploads\/usu279\/2024\/02\/DSCF1453.jpg\"><img loading=\"lazy\" decoding=\"async\" class=\"alignleft wp-image-8202 size-medium\" src=\"https:\/\/agora.xtec.cat\/ceiptorresjonama\/wp-content\/uploads\/usu279\/2024\/02\/DSCF1453-298x300.jpg\" alt=\"\" width=\"298\" height=\"300\" srcset=\"https:\/\/agora.xtec.cat\/ceiptorresjonama\/wp-content\/uploads\/usu279\/2024\/02\/DSCF1453-298x300.jpg 298w, https:\/\/agora.xtec.cat\/ceiptorresjonama\/wp-content\/uploads\/usu279\/2024\/02\/DSCF1453-1017x1024.jpg 1017w, https:\/\/agora.xtec.cat\/ceiptorresjonama\/wp-content\/uploads\/usu279\/2024\/02\/DSCF1453-150x150.jpg 150w, https:\/\/agora.xtec.cat\/ceiptorresjonama\/wp-content\/uploads\/usu279\/2024\/02\/DSCF1453-768x773.jpg 768w, https:\/\/agora.xtec.cat\/ceiptorresjonama\/wp-content\/uploads\/usu279\/2024\/02\/DSCF1453.jpg 1422w\" sizes=\"auto, (max-width: 298px) 100vw, 298px\" \/><\/a>El 7 de febrer la cient\u00edfica Andrea Casades\u00fas Cabral ens va fer una xerrada a trav\u00e9s d\u2019una videotrucada perqu\u00e8 va ser el dia de la dona i la nena en la ci\u00e8ncia.<\/span><\/p>\n<p><span style=\"font-weight: 400\">Ens va explicar a qu\u00e8 es dedica, quines aficions t\u00e9, qu\u00e8 fa en<\/span><\/p>\n<p>&nbsp;<\/p>\n<p><span style=\"font-weight: 400\">\u00a0el seu dia a dia, com i on treballa\u2026<\/span><\/p>\n<p><span style=\"font-weight: 400\">Ella va n\u00e9ixer el 23 de gener de 1995 a Esquirol (Osona), actualment t\u00e9 vint-i-nou anys.<\/span><\/p>\n<p><span style=\"font-weight: 400\">L\u2019Andrea \u00e9s cient\u00edfica i treballa de bi\u00f2loga. De petita era molt curiosa i sempre es feia moltes preguntes sobre diferents coses. Li agradava i li continua agradant molt la natura i els animals, que el seu preferit \u00e9s el linx. Les seves aficions s\u00f3n: jugar a <\/span> <span style=\"font-weight: 400\">b\u00e0squet, tocar el violoncel, fer rutes per la muntanya, passejar al seu gos entre altres.<\/span><\/p>\n<p><span style=\"font-weight: 400\">El seu amor per la ci\u00e8ncia li va transmetre la seva professora de biologia (la seva tia).<\/span><\/p>\n<p><span style=\"font-weight: 400\">Durant sis mesos va viure al Per\u00fa, i anava a la selva amaz\u00f2nica a agafar mostres per estudiar els arbres. Per poder agafar mostres dels arbres no els podien escalar perqu\u00e8 els arbres feien entre 15 i 30 metres d\u2019al\u00e7ada i van trobar una soluci\u00f3. El que feien era agafar una corda molt llarga i en un extrem li lligaven un tronc. Agafaven el tronc i amb totes les seves forces el tiraven per sobre d\u2019una branca i quan el tronc queia comen\u00e7aven a sacsejar l\u2019arbre, quan queien algunes fulles les recollien i les estudiaven.<\/span><\/p>\n<p><span style=\"font-weight: 400\">Despr\u00e9s va tornar a Catalunya per fer un doctorat. Estudia la salut del s\u00f2l, \u00e9s a dir del terra. Agafa mostres amb una eina que la clava a terra i les analitza. Sovint agafa un quadrat de ferro i el tira aleat\u00f2riament pel camp i quan cau, ha d\u2019estudiar el que hi ha dins el requadre.<\/span><\/p>\n<p><span style=\"font-weight: 400\">L\u2019Andrea no treballa per cap empresa, per\u00f2 va a la Universitat de Vic treballa de 9:00\u202fa 17:30 (amb parada per dinar)<\/span><\/p>\n<p><span style=\"font-weight: 400\">Tamb\u00e9 ens va parlar de la sequera. Ella opina que per culpa de\u00a0 la sequera el terra est\u00e0 molt sec i que hem de prendre mesures per evitar-la.<\/span><\/p>\n<p><span style=\"font-weight: 400\">\u00a0<\/span><span style=\"font-weight: 400\">Una soluci\u00f3 de les que estan investigant seria tapar el s\u00f2l amb fusta, llenya o deixar que creixin arbres i no talar-los.<\/span><\/p>\n<p><span style=\"font-weight: 400\">El mateix amb el canvi clim\u00e0tic. Per evitar-lo, en lloc d\u2019anar amb cotxe als llocs, podr\u00edem anar amb bicicleta, caminant o amb transport p\u00fablic, com l\u2019autob\u00fas.<\/span><\/p>\n<p><span style=\"font-weight: 400\">Ens va agradar molt a tots, i vam trobar que \u00e9s una noia molt maca, simp\u00e0tica i molt atenta. Ens agradaria molt repetir-ho.<\/span><\/p>\n<p>Text escrit conjuntament pels nens i nenes de 6\u00e8<\/p>\n<p><a href=\"https:\/\/agora.xtec.cat\/ceiptorresjonama\/wp-content\/uploads\/usu279\/2024\/02\/20240207_100815.jpg\"><br \/>\n<img loading=\"lazy\" decoding=\"async\" class=\"aligncenter wp-image-8201\" src=\"https:\/\/agora.xtec.cat\/ceiptorresjonama\/wp-content\/uploads\/usu279\/2024\/02\/20240207_100815-1024x768.jpg\" alt=\"\" width=\"587\" height=\"440\" srcset=\"https:\/\/agora.xtec.cat\/ceiptorresjonama\/wp-content\/uploads\/usu279\/2024\/02\/20240207_100815-1024x768.jpg 1024w, https:\/\/agora.xtec.cat\/ceiptorresjonama\/wp-content\/uploads\/usu279\/2024\/02\/20240207_100815-300x225.jpg 300w, https:\/\/agora.xtec.cat\/ceiptorresjonama\/wp-content\/uploads\/usu279\/2024\/02\/20240207_100815-768x576.jpg 768w, https:\/\/agora.xtec.cat\/ceiptorresjonama\/wp-content\/uploads\/usu279\/2024\/02\/20240207_100815-1536x1152.jpg 1536w, https:\/\/agora.xtec.cat\/ceiptorresjonama\/wp-content\/uploads\/usu279\/2024\/02\/20240207_100815-2048x1536.jpg 2048w, https:\/\/agora.xtec.cat\/ceiptorresjonama\/wp-content\/uploads\/usu279\/2024\/02\/20240207_100815-200x150.jpg 200w\" sizes=\"auto, (max-width: 587px) 100vw, 587px\" \/><\/a><a href=\"https:\/\/agora.xtec.cat\/ceiptorresjonama\/wp-content\/uploads\/usu279\/2024\/02\/20240207_092430.jpg\"><img loading=\"lazy\" decoding=\"async\" class=\"aligncenter wp-image-8203\" src=\"https:\/\/agora.xtec.cat\/ceiptorresjonama\/wp-content\/uploads\/usu279\/2024\/02\/20240207_092430-1024x768.jpg\" alt=\"\" width=\"484\" height=\"363\" srcset=\"https:\/\/agora.xtec.cat\/ceiptorresjonama\/wp-content\/uploads\/usu279\/2024\/02\/20240207_092430-1024x768.jpg 1024w, https:\/\/agora.xtec.cat\/ceiptorresjonama\/wp-content\/uploads\/usu279\/2024\/02\/20240207_092430-300x225.jpg 300w, https:\/\/agora.xtec.cat\/ceiptorresjonama\/wp-content\/uploads\/usu279\/2024\/02\/20240207_092430-768x576.jpg 768w, https:\/\/agora.xtec.cat\/ceiptorresjonama\/wp-content\/uploads\/usu279\/2024\/02\/20240207_092430-1536x1152.jpg 1536w, https:\/\/agora.xtec.cat\/ceiptorresjonama\/wp-content\/uploads\/usu279\/2024\/02\/20240207_092430-2048x1536.jpg 2048w, https:\/\/agora.xtec.cat\/ceiptorresjonama\/wp-content\/uploads\/usu279\/2024\/02\/20240207_092430-200x150.jpg 200w\" sizes=\"auto, (max-width: 484px) 100vw, 484px\" \/><\/a><\/p>\n","protected":false},"excerpt":{"rendered":"<p>ANDREA CASADES\u00daS CABRAL<br \/>\n<a style=\"color: #2795b6\" href=\"https:\/\/agora.xtec.cat\/ceiptorresjonama\/wp-content\/uploads\/usu279\/2024\/02\/DSCF1453.jpg\"><\/a>El 7 de febrer la cient\u00edfica Andrea Casades\u00fas Cabral ens va fer una xerrada a trav\u00e9s d\u2019una videotrucada perqu\u00e8 va ser el dia de la dona i la nena en la ci\u00e8ncia.<br \/>\nEns va explicar a qu\u00e8 es dedica, quines aficions&hellip;  <a href=\"https:\/\/agora.xtec.cat\/ceiptorresjonama\/primaria\/6e\/100tifica\/\" title=\"Read 100T\u00cdFICA\">Llegeix m\u00e9s\u00bb<\/a><\/p>\n","protected":false},"author":4,"featured_media":8202,"comment_status":"closed","ping_status":"closed","sticky":false,"template":"","format":"standard","meta":{"_bbp_topic_count":0,"_bbp_reply_count":0,"_bbp_total_topic_count":0,"_bbp_total_reply_count":0,"_bbp_voice_count":0,"_bbp_anonymous_reply_count":0,"_bbp_topic_count_hidden":0,"_bbp_reply_count_hidden":0,"_bbp_forum_subforum_count":0,"footnotes":""},"categories":[13,86],"tags":[],"class_list":["post-8200","post","type-post","status-publish","format-standard","has-post-thumbnail","hentry","category-6e","category-laboratori"],"post_mailing_queue_ids":[],"_links":{"self":[{"href":"https:\/\/agora.xtec.cat\/ceiptorresjonama\/wp-json\/wp\/v2\/posts\/8200","targetHints":{"allow":["GET"]}}],"collection":[{"href":"https:\/\/agora.xtec.cat\/ceiptorresjonama\/wp-json\/wp\/v2\/posts"}],"about":[{"href":"https:\/\/agora.xtec.cat\/ceiptorresjonama\/wp-json\/wp\/v2\/types\/post"}],"author":[{"embeddable":true,"href":"https:\/\/agora.xtec.cat\/ceiptorresjonama\/wp-json\/wp\/v2\/users\/4"}],"replies":[{"embeddable":true,"href":"https:\/\/agora.xtec.cat\/ceiptorresjonama\/wp-json\/wp\/v2\/comments?post=8200"}],"version-history":[{"count":6,"href":"https:\/\/agora.xtec.cat\/ceiptorresjonama\/wp-json\/wp\/v2\/posts\/8200\/revisions"}],"predecessor-version":[{"id":8326,"href":"https:\/\/agora.xtec.cat\/ceiptorresjonama\/wp-json\/wp\/v2\/posts\/8200\/revisions\/8326"}],"wp:featuredmedia":[{"embeddable":true,"href":"https:\/\/agora.xtec.cat\/ceiptorresjonama\/wp-json\/wp\/v2\/media\/8202"}],"wp:attachment":[{"href":"https:\/\/agora.xtec.cat\/ceiptorresjonama\/wp-json\/wp\/v2\/media?parent=8200"}],"wp:term":[{"taxonomy":"category","embeddable":true,"href":"https:\/\/agora.xtec.cat\/ceiptorresjonama\/wp-json\/wp\/v2\/categories?post=8200"},{"taxonomy":"post_tag","embeddable":true,"href":"https:\/\/agora.xtec.cat\/ceiptorresjonama\/wp-json\/wp\/v2\/tags?post=8200"}],"curies":[{"name":"wp","href":"https:\/\/api.w.org\/{rel}","templated":true}]}}