{"id":8120,"date":"2023-11-15T13:51:35","date_gmt":"2023-11-15T12:51:35","guid":{"rendered":"https:\/\/agora.xtec.cat\/ceiptorresjonama\/?p=8120"},"modified":"2024-06-28T10:17:25","modified_gmt":"2024-06-28T08:17:25","slug":"setmana-de-la-ciencia","status":"publish","type":"post","link":"https:\/\/agora.xtec.cat\/ceiptorresjonama\/primaria\/6e\/setmana-de-la-ciencia\/","title":{"rendered":"SETMANA DE LA CI\u00c8NCIA"},"content":{"rendered":"<p>Aquest dimarts 14 de novembre els alumnes de 6\u00e8 hem anat gaudir de la setmana de la ci\u00e8ncia que s&#8217;ha<span style=\"font-family: inherit;font-size: 1em\"> celebrat a Palafrugell. Els alumnes de 2n d&#8217;ESO dels centres educatius de Palafrugell s&#8217;han organitzat, amb el suport del professorat, per preparar i dinamitzar un tastet amb diferents reptes cient\u00edfics i tecnol\u00f2gics que han hagut de resoldre\u00a0 els alumnes de 6\u00e8 de prim\u00e0ria de Palafrugell, Mont-ras, Pals i Begur.<\/span><\/p>\n<p>&nbsp;<\/p>\n<p><a href=\"https:\/\/agora.xtec.cat\/ceiptorresjonama\/wp-content\/uploads\/usu279\/2023\/11\/Screenshot_20231115_133609_Instagram.jpg\"><img loading=\"lazy\" decoding=\"async\" class=\"aligncenter wp-image-8121 \" src=\"https:\/\/agora.xtec.cat\/ceiptorresjonama\/wp-content\/uploads\/usu279\/2023\/11\/Screenshot_20231115_133609_Instagram-1024x767.jpg\" alt=\"\" width=\"654\" height=\"490\" srcset=\"https:\/\/agora.xtec.cat\/ceiptorresjonama\/wp-content\/uploads\/usu279\/2023\/11\/Screenshot_20231115_133609_Instagram-1024x767.jpg 1024w, https:\/\/agora.xtec.cat\/ceiptorresjonama\/wp-content\/uploads\/usu279\/2023\/11\/Screenshot_20231115_133609_Instagram-300x225.jpg 300w, https:\/\/agora.xtec.cat\/ceiptorresjonama\/wp-content\/uploads\/usu279\/2023\/11\/Screenshot_20231115_133609_Instagram-768x575.jpg 768w, https:\/\/agora.xtec.cat\/ceiptorresjonama\/wp-content\/uploads\/usu279\/2023\/11\/Screenshot_20231115_133609_Instagram-200x150.jpg 200w, https:\/\/agora.xtec.cat\/ceiptorresjonama\/wp-content\/uploads\/usu279\/2023\/11\/Screenshot_20231115_133609_Instagram.jpg 1077w\" sizes=\"auto, (max-width: 654px) 100vw, 654px\" \/><\/a><\/p>\n<p>&nbsp;<\/p>\n<p>Podeu veure m\u00e9s\u00a0<a style=\"color: #2795b6\" href=\"https:\/\/drive.google.com\/drive\/folders\/18NLd5ERTNgwha5O-w7oQmfNIvJryLvv5?usp=sharing\">Fotos <\/a><span style=\"font-family: inherit;font-size: 1em\">a la carpeta de setmana de la ci\u00e8ncia del drive.<\/span><\/p>\n","protected":false},"excerpt":{"rendered":"<p>Aquest dimarts 14 de novembre els alumnes de 6\u00e8 hem anat gaudir de la setmana de la ci\u00e8ncia que s&#8217;ha celebrat a Palafrugell. Els alumnes de 2n d&#8217;ESO dels centres educatius de Palafrugell s&#8217;han organitzat, amb el suport del professorat, per preparar i dinamitzar un&hellip;  <a href=\"https:\/\/agora.xtec.cat\/ceiptorresjonama\/primaria\/6e\/setmana-de-la-ciencia\/\" title=\"Read SETMANA DE LA CI\u00c8NCIA\">Llegeix m\u00e9s\u00bb<\/a><\/p>\n","protected":false},"author":4,"featured_media":8121,"comment_status":"closed","ping_status":"closed","sticky":false,"template":"","format":"standard","meta":{"_bbp_topic_count":0,"_bbp_reply_count":0,"_bbp_total_topic_count":0,"_bbp_total_reply_count":0,"_bbp_voice_count":0,"_bbp_anonymous_reply_count":0,"_bbp_topic_count_hidden":0,"_bbp_reply_count_hidden":0,"_bbp_forum_subforum_count":0,"footnotes":""},"categories":[13,86],"tags":[],"class_list":["post-8120","post","type-post","status-publish","format-standard","has-post-thumbnail","hentry","category-6e","category-laboratori"],"post_mailing_queue_ids":[],"_links":{"self":[{"href":"https:\/\/agora.xtec.cat\/ceiptorresjonama\/wp-json\/wp\/v2\/posts\/8120","targetHints":{"allow":["GET"]}}],"collection":[{"href":"https:\/\/agora.xtec.cat\/ceiptorresjonama\/wp-json\/wp\/v2\/posts"}],"about":[{"href":"https:\/\/agora.xtec.cat\/ceiptorresjonama\/wp-json\/wp\/v2\/types\/post"}],"author":[{"embeddable":true,"href":"https:\/\/agora.xtec.cat\/ceiptorresjonama\/wp-json\/wp\/v2\/users\/4"}],"replies":[{"embeddable":true,"href":"https:\/\/agora.xtec.cat\/ceiptorresjonama\/wp-json\/wp\/v2\/comments?post=8120"}],"version-history":[{"count":1,"href":"https:\/\/agora.xtec.cat\/ceiptorresjonama\/wp-json\/wp\/v2\/posts\/8120\/revisions"}],"predecessor-version":[{"id":8122,"href":"https:\/\/agora.xtec.cat\/ceiptorresjonama\/wp-json\/wp\/v2\/posts\/8120\/revisions\/8122"}],"wp:featuredmedia":[{"embeddable":true,"href":"https:\/\/agora.xtec.cat\/ceiptorresjonama\/wp-json\/wp\/v2\/media\/8121"}],"wp:attachment":[{"href":"https:\/\/agora.xtec.cat\/ceiptorresjonama\/wp-json\/wp\/v2\/media?parent=8120"}],"wp:term":[{"taxonomy":"category","embeddable":true,"href":"https:\/\/agora.xtec.cat\/ceiptorresjonama\/wp-json\/wp\/v2\/categories?post=8120"},{"taxonomy":"post_tag","embeddable":true,"href":"https:\/\/agora.xtec.cat\/ceiptorresjonama\/wp-json\/wp\/v2\/tags?post=8120"}],"curies":[{"name":"wp","href":"https:\/\/api.w.org\/{rel}","templated":true}]}}