{"id":8077,"date":"2023-09-26T11:09:23","date_gmt":"2023-09-26T09:09:23","guid":{"rendered":"https:\/\/agora.xtec.cat\/ceiptorresjonama\/?p=8077"},"modified":"2023-09-26T18:41:25","modified_gmt":"2023-09-26T16:41:25","slug":"setmana-europea-de-la-mobilitat-sostenible","status":"publish","type":"post","link":"https:\/\/agora.xtec.cat\/ceiptorresjonama\/general\/setmana-europea-de-la-mobilitat-sostenible\/","title":{"rendered":"SETMANA EUROPEA DE LA MOBILITAT SOSTENIBLE"},"content":{"rendered":"<p>La setmana passada es va ser la Setmana Europea de la Mobilitat. Des de l&#8217;escola es van dur a terme v\u00e0ries propostes per promoure la mobilitat sostenible.<a href=\"https:\/\/agora.xtec.cat\/ceiptorresjonama\/wp-content\/uploads\/usu279\/2023\/09\/SETMANA-EUROPEA-MOBILITAT.jpg\"><br \/>\n<\/a><a href=\"https:\/\/agora.xtec.cat\/ceiptorresjonama\/wp-content\/uploads\/usu279\/2023\/09\/SETMANA-EUROPEA-MOBILITAT.jpg\"><img loading=\"lazy\" decoding=\"async\" class=\"alignright wp-image-8078\" src=\"https:\/\/agora.xtec.cat\/ceiptorresjonama\/wp-content\/uploads\/usu279\/2023\/09\/SETMANA-EUROPEA-MOBILITAT.jpg\" alt=\"\" width=\"361\" height=\"203\" \/><\/a><\/p>\n<ol>\n<li>Tall del carrer Mestres Masgrau i Badia 15 minuts abans i despr\u00e9s de les entrades i sortides de l&#8217;escola.<\/li>\n<li>Divendres 22 de setembre, dia mundial del dia sense cotxe, es va fer una prova pilot del bicibus i un agrupament per venir a peu.<\/li>\n<li>Difusi\u00f3 i conscienciaci\u00f3 de la setmana europea\u00a0de la mobilitat sostenible a trav\u00e9s dels meg\u00e0fons de l&#8217;escola.<\/li>\n<li>Activitats diverses dins l&#8217;aula dirigides a la conscienciaci\u00f3 de la import\u00e0ncia d&#8217;un m\u00f3n m\u00e9s sostenible.<\/li>\n<\/ol>\n<p>Totes les activitats i propostes van tenir una molt bona rebuda i \u00e8xit de participaci\u00f3. Desitgem que puguin tenir una continu\u00eftat per afavorir la sostenibilitat.<\/p>\n<p>Podeu veure les fotos de les activitats podeu anar a la carpeta del drive <strong>Festes i activitats conjuntes Escola curs 2023-24<\/strong><\/p>\n<p>&nbsp;<\/p>\n<p>&nbsp;<\/p>\n","protected":false},"excerpt":{"rendered":"<p>La setmana passada es va ser la Setmana Europea de la Mobilitat. Des de l&#8217;escola es van dur a terme v\u00e0ries propostes per promoure la mobilitat sostenible.<a href=\"https:\/\/agora.xtec.cat\/ceiptorresjonama\/wp-content\/uploads\/usu279\/2023\/09\/SETMANA-EUROPEA-MOBILITAT.jpg\"><br \/>\n<\/a><a href=\"https:\/\/agora.xtec.cat\/ceiptorresjonama\/wp-content\/uploads\/usu279\/2023\/09\/SETMANA-EUROPEA-MOBILITAT.jpg\"><\/a><\/p>\n<ol>\n<li>Tall del carrer Mestres Masgrau i Badia 15 minuts abans i despr\u00e9s de les entrades i sortides&hellip;  <a href=\"https:\/\/agora.xtec.cat\/ceiptorresjonama\/general\/setmana-europea-de-la-mobilitat-sostenible\/\" title=\"Read SETMANA EUROPEA DE LA MOBILITAT SOSTENIBLE\">Llegeix m\u00e9s\u00bb<\/a><br \/>\n","protected":false},"author":4,"featured_media":0,"comment_status":"closed","ping_status":"closed","sticky":false,"template":"","format":"standard","meta":{"_bbp_topic_count":0,"_bbp_reply_count":0,"_bbp_total_topic_count":0,"_bbp_total_reply_count":0,"_bbp_voice_count":0,"_bbp_anonymous_reply_count":0,"_bbp_topic_count_hidden":0,"_bbp_reply_count_hidden":0,"_bbp_forum_subforum_count":0,"footnotes":""},"categories":[8,9,10,11,12,13,1,77,71,3],"tags":[],"class_list":["post-8077","post","type-post","status-publish","format-standard","hentry","category-1r","category-2n","category-3r","category-4t","category-5e","category-6e","category-general","category-i3","category-i4a","category-i5"],"post_mailing_queue_ids":[],"_links":{"self":[{"href":"https:\/\/agora.xtec.cat\/ceiptorresjonama\/wp-json\/wp\/v2\/posts\/8077","targetHints":{"allow":["GET"]}}],"collection":[{"href":"https:\/\/agora.xtec.cat\/ceiptorresjonama\/wp-json\/wp\/v2\/posts"}],"about":[{"href":"https:\/\/agora.xtec.cat\/ceiptorresjonama\/wp-json\/wp\/v2\/types\/post"}],"author":[{"embeddable":true,"href":"https:\/\/agora.xtec.cat\/ceiptorresjonama\/wp-json\/wp\/v2\/users\/4"}],"replies":[{"embeddable":true,"href":"https:\/\/agora.xtec.cat\/ceiptorresjonama\/wp-json\/wp\/v2\/comments?post=8077"}],"version-history":[{"count":2,"href":"https:\/\/agora.xtec.cat\/ceiptorresjonama\/wp-json\/wp\/v2\/posts\/8077\/revisions"}],"predecessor-version":[{"id":8083,"href":"https:\/\/agora.xtec.cat\/ceiptorresjonama\/wp-json\/wp\/v2\/posts\/8077\/revisions\/8083"}],"wp:attachment":[{"href":"https:\/\/agora.xtec.cat\/ceiptorresjonama\/wp-json\/wp\/v2\/media?parent=8077"}],"wp:term":[{"taxonomy":"category","embeddable":true,"href":"https:\/\/agora.xtec.cat\/ceiptorresjonama\/wp-json\/wp\/v2\/categories?post=8077"},{"taxonomy":"post_tag","embeddable":true,"href":"https:\/\/agora.xtec.cat\/ceiptorresjonama\/wp-json\/wp\/v2\/tags?post=8077"}],"curies":[{"name":"wp","href":"https:\/\/api.w.org\/{rel}","templated":true}]}}