{"id":7979,"date":"2023-06-09T21:53:02","date_gmt":"2023-06-09T19:53:02","guid":{"rendered":"https:\/\/agora.xtec.cat\/ceiptorresjonama\/?p=7979"},"modified":"2023-06-09T21:55:04","modified_gmt":"2023-06-09T19:55:04","slug":"guanyadors-del-concurs-aixo-pinta-be","status":"publish","type":"post","link":"https:\/\/agora.xtec.cat\/ceiptorresjonama\/general\/guanyadors-del-concurs-aixo-pinta-be\/","title":{"rendered":"GUANYADORS DEL CONCURS &#8220;AIX\u00d2 PINTA B\u00c9&#8221;."},"content":{"rendered":"<p>Aquest any, tots els alumnes de l&#8217;escola hem participat al concurs organitzat per la Diputaci\u00f3 de Girona: <strong>Aix\u00f2 Pinta B\u00e9. <\/strong>Hem tingut la sort de ser els primers guardonats de la nostra categoria amb la presentaci\u00f3 del treball que vam portar a terme la setmana de l&#8217;eix transversal, enguany dedicat a Salvador Dal\u00ed. El pessebre que vam fer, exposat a l&#8217;ajuntament de Mont-ras per Nadal, ha obtingut aquest merescut guard\u00f3.<\/p>\n<p>Les alumnes i els alumnes de 4t, en representaci\u00f3 de tota l&#8217;escola, vam anar a recollir aquest premi que es tradueix en un txec de 600 euros, el qual anir\u00e0 destinat a material per a l&#8217;escola del qual podrem gaudir-ne tots plegats.<\/p>\n<p>Felicitem a totes les nenes i els nens de l&#8217;escola per tan bona feina. Ja veieu que tot esfor\u00e7 t\u00e9 la seva recompensa. MOLT B\u00c9!<\/p>\n<p>Podreu trobar totes les fotografies d&#8217;aquell dia a la carpeta del curs de 4t.<\/p>\n<p><a href=\"https:\/\/agora.xtec.cat\/ceiptorresjonama\/wp-content\/uploads\/usu279\/2023\/06\/1Torres-Jonama2.jpg\"><img loading=\"lazy\" decoding=\"async\" class=\"aligncenter size-large wp-image-7985\" src=\"https:\/\/agora.xtec.cat\/ceiptorresjonama\/wp-content\/uploads\/usu279\/2023\/06\/1Torres-Jonama2-1024x682.jpg\" alt=\"\" width=\"1024\" height=\"682\" srcset=\"https:\/\/agora.xtec.cat\/ceiptorresjonama\/wp-content\/uploads\/usu279\/2023\/06\/1Torres-Jonama2-1024x682.jpg 1024w, https:\/\/agora.xtec.cat\/ceiptorresjonama\/wp-content\/uploads\/usu279\/2023\/06\/1Torres-Jonama2-300x200.jpg 300w, https:\/\/agora.xtec.cat\/ceiptorresjonama\/wp-content\/uploads\/usu279\/2023\/06\/1Torres-Jonama2-768x512.jpg 768w, https:\/\/agora.xtec.cat\/ceiptorresjonama\/wp-content\/uploads\/usu279\/2023\/06\/1Torres-Jonama2-1536x1024.jpg 1536w, https:\/\/agora.xtec.cat\/ceiptorresjonama\/wp-content\/uploads\/usu279\/2023\/06\/1Torres-Jonama2.jpg 2000w\" sizes=\"auto, (max-width: 1024px) 100vw, 1024px\" \/><\/a><\/p>\n<p>&nbsp;<\/p>\n<p>&nbsp;<\/p>\n<p>&nbsp;<\/p>\n<p>&nbsp;<\/p>\n","protected":false},"excerpt":{"rendered":"<p>Aquest any, tots els alumnes de l&#8217;escola hem participat al concurs organitzat per la Diputaci\u00f3 de Girona: Aix\u00f2 Pinta B\u00e9. Hem tingut la sort de ser els primers guardonats de la nostra categoria amb la presentaci\u00f3 del treball que vam portar a terme la setmana&hellip;  <a href=\"https:\/\/agora.xtec.cat\/ceiptorresjonama\/general\/guanyadors-del-concurs-aixo-pinta-be\/\" title=\"Read GUANYADORS DEL CONCURS &#8220;AIX\u00d2 PINTA B\u00c9&#8221;.\">Llegeix m\u00e9s\u00bb<\/a><\/p>\n","protected":false},"author":4,"featured_media":0,"comment_status":"closed","ping_status":"closed","sticky":false,"template":"","format":"standard","meta":{"_bbp_topic_count":0,"_bbp_reply_count":0,"_bbp_total_topic_count":0,"_bbp_total_reply_count":0,"_bbp_voice_count":0,"_bbp_anonymous_reply_count":0,"_bbp_topic_count_hidden":0,"_bbp_reply_count_hidden":0,"_bbp_forum_subforum_count":0,"footnotes":""},"categories":[1],"tags":[],"class_list":["post-7979","post","type-post","status-publish","format-standard","hentry","category-general"],"post_mailing_queue_ids":[],"_links":{"self":[{"href":"https:\/\/agora.xtec.cat\/ceiptorresjonama\/wp-json\/wp\/v2\/posts\/7979","targetHints":{"allow":["GET"]}}],"collection":[{"href":"https:\/\/agora.xtec.cat\/ceiptorresjonama\/wp-json\/wp\/v2\/posts"}],"about":[{"href":"https:\/\/agora.xtec.cat\/ceiptorresjonama\/wp-json\/wp\/v2\/types\/post"}],"author":[{"embeddable":true,"href":"https:\/\/agora.xtec.cat\/ceiptorresjonama\/wp-json\/wp\/v2\/users\/4"}],"replies":[{"embeddable":true,"href":"https:\/\/agora.xtec.cat\/ceiptorresjonama\/wp-json\/wp\/v2\/comments?post=7979"}],"version-history":[{"count":3,"href":"https:\/\/agora.xtec.cat\/ceiptorresjonama\/wp-json\/wp\/v2\/posts\/7979\/revisions"}],"predecessor-version":[{"id":7986,"href":"https:\/\/agora.xtec.cat\/ceiptorresjonama\/wp-json\/wp\/v2\/posts\/7979\/revisions\/7986"}],"wp:attachment":[{"href":"https:\/\/agora.xtec.cat\/ceiptorresjonama\/wp-json\/wp\/v2\/media?parent=7979"}],"wp:term":[{"taxonomy":"category","embeddable":true,"href":"https:\/\/agora.xtec.cat\/ceiptorresjonama\/wp-json\/wp\/v2\/categories?post=7979"},{"taxonomy":"post_tag","embeddable":true,"href":"https:\/\/agora.xtec.cat\/ceiptorresjonama\/wp-json\/wp\/v2\/tags?post=7979"}],"curies":[{"name":"wp","href":"https:\/\/api.w.org\/{rel}","templated":true}]}}