{"id":7929,"date":"2023-05-07T17:57:10","date_gmt":"2023-05-07T15:57:10","guid":{"rendered":"https:\/\/agora.xtec.cat\/ceiptorresjonama\/?p=7929"},"modified":"2023-05-07T17:59:52","modified_gmt":"2023-05-07T15:59:52","slug":"concurs-de-contes-de-sant-jordi-de-mont-ras","status":"publish","type":"post","link":"https:\/\/agora.xtec.cat\/ceiptorresjonama\/primaria\/4t\/concurs-de-contes-de-sant-jordi-de-mont-ras\/","title":{"rendered":"Concurs de contes de Sant Jordi de Mont-ras"},"content":{"rendered":"<p>L&#8217;alumnat de 6\u00e8 i 3r hem col\u00b7laborat al Concurs de contes de Sant Jordi que ha organitzat l&#8217;Associaci\u00f3 Cultural de Mont-ras. Aqu\u00ed teniu unes fotografies del moment en qu\u00e8 l&#8217;alumnat de 6\u00e8 ajudava a acabar les creacions dels nenes i nenes de 3r.<a href=\"https:\/\/agora.xtec.cat\/ceiptorresjonama\/wp-content\/uploads\/usu279\/2023\/05\/Contes-Montras-1-scaled.jpg\"><br \/>\n<img loading=\"lazy\" decoding=\"async\" class=\"aligncenter size-medium wp-image-7930\" src=\"https:\/\/agora.xtec.cat\/ceiptorresjonama\/wp-content\/uploads\/usu279\/2023\/05\/Contes-Montras-1-300x225.jpg\" alt=\"\" width=\"300\" height=\"225\" srcset=\"https:\/\/agora.xtec.cat\/ceiptorresjonama\/wp-content\/uploads\/usu279\/2023\/05\/Contes-Montras-1-300x225.jpg 300w, https:\/\/agora.xtec.cat\/ceiptorresjonama\/wp-content\/uploads\/usu279\/2023\/05\/Contes-Montras-1-1024x769.jpg 1024w, https:\/\/agora.xtec.cat\/ceiptorresjonama\/wp-content\/uploads\/usu279\/2023\/05\/Contes-Montras-1-768x577.jpg 768w, https:\/\/agora.xtec.cat\/ceiptorresjonama\/wp-content\/uploads\/usu279\/2023\/05\/Contes-Montras-1-1536x1153.jpg 1536w, https:\/\/agora.xtec.cat\/ceiptorresjonama\/wp-content\/uploads\/usu279\/2023\/05\/Contes-Montras-1-2048x1538.jpg 2048w, https:\/\/agora.xtec.cat\/ceiptorresjonama\/wp-content\/uploads\/usu279\/2023\/05\/Contes-Montras-1-200x150.jpg 200w\" sizes=\"auto, (max-width: 300px) 100vw, 300px\" \/><\/a><\/p>\n<p style=\"text-align: center;\"><strong>Recorda que tens les imatges en el drive de la teva aula<\/strong><\/p>\n","protected":false},"excerpt":{"rendered":"<p>L&#8217;alumnat de 6\u00e8 i 3r hem col\u00b7laborat al Concurs de contes de Sant Jordi que ha organitzat l&#8217;Associaci\u00f3 Cultural de Mont-ras. Aqu\u00ed teniu unes fotografies del moment en qu\u00e8 l&#8217;alumnat de 6\u00e8 ajudava a acabar les creacions dels nenes i nenes de 3r.<a href=\"https:\/\/agora.xtec.cat\/ceiptorresjonama\/wp-content\/uploads\/usu279\/2023\/05\/Contes-Montras-1-scaled.jpg\"><br \/>\n<\/a><br \/>\nRecorda que&hellip;  <a href=\"https:\/\/agora.xtec.cat\/ceiptorresjonama\/primaria\/4t\/concurs-de-contes-de-sant-jordi-de-mont-ras\/\" title=\"Read Concurs de contes de Sant Jordi de Mont-ras\">Llegeix m\u00e9s\u00bb<\/a><\/p>\n","protected":false},"author":3,"featured_media":0,"comment_status":"closed","ping_status":"closed","sticky":false,"template":"","format":"standard","meta":{"_bbp_topic_count":0,"_bbp_reply_count":0,"_bbp_total_topic_count":0,"_bbp_total_reply_count":0,"_bbp_voice_count":0,"_bbp_anonymous_reply_count":0,"_bbp_topic_count_hidden":0,"_bbp_reply_count_hidden":0,"_bbp_forum_subforum_count":0,"footnotes":""},"categories":[11,14],"tags":[],"class_list":["post-7929","post","type-post","status-publish","format-standard","hentry","category-4t","category-6e-22-23"],"post_mailing_queue_ids":[],"_links":{"self":[{"href":"https:\/\/agora.xtec.cat\/ceiptorresjonama\/wp-json\/wp\/v2\/posts\/7929","targetHints":{"allow":["GET"]}}],"collection":[{"href":"https:\/\/agora.xtec.cat\/ceiptorresjonama\/wp-json\/wp\/v2\/posts"}],"about":[{"href":"https:\/\/agora.xtec.cat\/ceiptorresjonama\/wp-json\/wp\/v2\/types\/post"}],"author":[{"embeddable":true,"href":"https:\/\/agora.xtec.cat\/ceiptorresjonama\/wp-json\/wp\/v2\/users\/3"}],"replies":[{"embeddable":true,"href":"https:\/\/agora.xtec.cat\/ceiptorresjonama\/wp-json\/wp\/v2\/comments?post=7929"}],"version-history":[{"count":2,"href":"https:\/\/agora.xtec.cat\/ceiptorresjonama\/wp-json\/wp\/v2\/posts\/7929\/revisions"}],"predecessor-version":[{"id":7932,"href":"https:\/\/agora.xtec.cat\/ceiptorresjonama\/wp-json\/wp\/v2\/posts\/7929\/revisions\/7932"}],"wp:attachment":[{"href":"https:\/\/agora.xtec.cat\/ceiptorresjonama\/wp-json\/wp\/v2\/media?parent=7929"}],"wp:term":[{"taxonomy":"category","embeddable":true,"href":"https:\/\/agora.xtec.cat\/ceiptorresjonama\/wp-json\/wp\/v2\/categories?post=7929"},{"taxonomy":"post_tag","embeddable":true,"href":"https:\/\/agora.xtec.cat\/ceiptorresjonama\/wp-json\/wp\/v2\/tags?post=7929"}],"curies":[{"name":"wp","href":"https:\/\/api.w.org\/{rel}","templated":true}]}}