{"id":7903,"date":"2023-04-17T12:35:54","date_gmt":"2023-04-17T10:35:54","guid":{"rendered":"https:\/\/agora.xtec.cat\/ceiptorresjonama\/?p=7903"},"modified":"2023-04-17T12:35:54","modified_gmt":"2023-04-17T10:35:54","slug":"cantata-de-3r","status":"publish","type":"post","link":"https:\/\/agora.xtec.cat\/ceiptorresjonama\/primaria\/cantata-de-3r\/","title":{"rendered":"CANTATA de 3r"},"content":{"rendered":"<p>Les nenes i els nens de tercer hem participat a la tradicional cantata amb les escoles de Palafrugell al Teatre Municipal de Palafrugell.\u00a0Enguany era la 19a edici\u00f3 i portava per t\u00edtol &#8220;El dof\u00ed i la lluna&#8221;. Estem molt contentes d&#8217;haver-hi participat perqu\u00e8 \u00e9s una experi\u00e8ncia molt enriquidora i ens dona l&#8217;oportunitat de fer una activitat conjunta ambd\u00f3s municipis.<\/p>\n<p style=\"text-align: center\"><strong>Per veure les fotografies podeu entrar a la carpeta que us hem compartit al vostre Drive o podeu\u00a0<\/strong><strong>entrar a l\u2019apartat GALERIA de la nostra web.<\/strong><\/p>\n<p style=\"text-align: center\"><a href=\"https:\/\/agora.xtec.cat\/ceiptorresjonama\/wp-content\/uploads\/usu279\/2023\/04\/73913bd0-870e-47e2-ba7a-2ad7c5ad8214.jpg\"><img loading=\"lazy\" decoding=\"async\" class=\"aligncenter size-large wp-image-7905\" src=\"https:\/\/agora.xtec.cat\/ceiptorresjonama\/wp-content\/uploads\/usu279\/2023\/04\/73913bd0-870e-47e2-ba7a-2ad7c5ad8214-1024x683.jpg\" alt=\"\" width=\"1024\" height=\"683\" srcset=\"https:\/\/agora.xtec.cat\/ceiptorresjonama\/wp-content\/uploads\/usu279\/2023\/04\/73913bd0-870e-47e2-ba7a-2ad7c5ad8214-1024x683.jpg 1024w, https:\/\/agora.xtec.cat\/ceiptorresjonama\/wp-content\/uploads\/usu279\/2023\/04\/73913bd0-870e-47e2-ba7a-2ad7c5ad8214-300x200.jpg 300w, https:\/\/agora.xtec.cat\/ceiptorresjonama\/wp-content\/uploads\/usu279\/2023\/04\/73913bd0-870e-47e2-ba7a-2ad7c5ad8214-768x512.jpg 768w, https:\/\/agora.xtec.cat\/ceiptorresjonama\/wp-content\/uploads\/usu279\/2023\/04\/73913bd0-870e-47e2-ba7a-2ad7c5ad8214.jpg 1440w\" sizes=\"auto, (max-width: 1024px) 100vw, 1024px\" \/><\/a><\/p>\n","protected":false},"excerpt":{"rendered":"<p>Les nenes i els nens de tercer hem participat a la tradicional cantata amb les escoles de Palafrugell al Teatre Municipal de Palafrugell.\u00a0Enguany era la 19a edici\u00f3 i portava per t\u00edtol &#8220;El dof\u00ed i la lluna&#8221;. Estem molt contentes d&#8217;haver-hi participat perqu\u00e8 \u00e9s una experi\u00e8ncia&hellip;  <a href=\"https:\/\/agora.xtec.cat\/ceiptorresjonama\/primaria\/cantata-de-3r\/\" title=\"Read CANTATA de 3r\">Llegeix m\u00e9s\u00bb<\/a><\/p>\n","protected":false},"author":4,"featured_media":7905,"comment_status":"closed","ping_status":"closed","sticky":false,"template":"","format":"standard","meta":{"_bbp_topic_count":0,"_bbp_reply_count":0,"_bbp_total_topic_count":0,"_bbp_total_reply_count":0,"_bbp_voice_count":0,"_bbp_anonymous_reply_count":0,"_bbp_topic_count_hidden":0,"_bbp_reply_count_hidden":0,"_bbp_forum_subforum_count":0,"footnotes":""},"categories":[11,5],"tags":[],"class_list":["post-7903","post","type-post","status-publish","format-standard","has-post-thumbnail","hentry","category-4t","category-primaria"],"post_mailing_queue_ids":[],"_links":{"self":[{"href":"https:\/\/agora.xtec.cat\/ceiptorresjonama\/wp-json\/wp\/v2\/posts\/7903","targetHints":{"allow":["GET"]}}],"collection":[{"href":"https:\/\/agora.xtec.cat\/ceiptorresjonama\/wp-json\/wp\/v2\/posts"}],"about":[{"href":"https:\/\/agora.xtec.cat\/ceiptorresjonama\/wp-json\/wp\/v2\/types\/post"}],"author":[{"embeddable":true,"href":"https:\/\/agora.xtec.cat\/ceiptorresjonama\/wp-json\/wp\/v2\/users\/4"}],"replies":[{"embeddable":true,"href":"https:\/\/agora.xtec.cat\/ceiptorresjonama\/wp-json\/wp\/v2\/comments?post=7903"}],"version-history":[{"count":3,"href":"https:\/\/agora.xtec.cat\/ceiptorresjonama\/wp-json\/wp\/v2\/posts\/7903\/revisions"}],"predecessor-version":[{"id":7908,"href":"https:\/\/agora.xtec.cat\/ceiptorresjonama\/wp-json\/wp\/v2\/posts\/7903\/revisions\/7908"}],"wp:featuredmedia":[{"embeddable":true,"href":"https:\/\/agora.xtec.cat\/ceiptorresjonama\/wp-json\/wp\/v2\/media\/7905"}],"wp:attachment":[{"href":"https:\/\/agora.xtec.cat\/ceiptorresjonama\/wp-json\/wp\/v2\/media?parent=7903"}],"wp:term":[{"taxonomy":"category","embeddable":true,"href":"https:\/\/agora.xtec.cat\/ceiptorresjonama\/wp-json\/wp\/v2\/categories?post=7903"},{"taxonomy":"post_tag","embeddable":true,"href":"https:\/\/agora.xtec.cat\/ceiptorresjonama\/wp-json\/wp\/v2\/tags?post=7903"}],"curies":[{"name":"wp","href":"https:\/\/api.w.org\/{rel}","templated":true}]}}