{"id":775,"date":"2017-01-19T12:45:25","date_gmt":"2017-01-19T11:45:25","guid":{"rendered":"https:\/\/torresjonama.wordpress.com\/?p=775"},"modified":"2017-01-19T12:45:25","modified_gmt":"2017-01-19T11:45:25","slug":"el-parlar-de-palafrugell","status":"publish","type":"post","link":"https:\/\/agora.xtec.cat\/ceiptorresjonama\/uncategorized\/el-parlar-de-palafrugell\/","title":{"rendered":"EL\u00a0 PARLAR\u00a0 DE\u00a0 PALAFRUGELL"},"content":{"rendered":"<p>A Palafrugell i sovint tamb\u00e9 als pobles del voltant, la gent, encara ara, parla amb mots i expressions que van sorgir en una \u00e8poca molt determinada, quan la ind\u00fastria surera era l\u2019activitat predominant.<\/p>\n<p>La Maria Bruguera, coautora junt amb Carles Serra del llibre <em>\u201cCoses<\/em> <em>sentides, el parlar de Palafrugell\u201d<\/em> va tenir l\u2019amabilitat de venir a fer-nos una xerrada per l\u2019alumnat de cicle superior, aprofitant que \u201cel suro\u201d ha estat el tema tractat en el projecte interdisciplinar d\u2019aquest curs.<\/p>\n<p>Tots vam aprendre coses noves. Aqu\u00ed us deixem el resultat\u00a0 final \u00a0sorgit de l\u2019experi\u00e8ncia, que va ser bon\u00edssima.<\/p>\n<p>Moltes gr\u00e0cies, Maria !<\/p>\n<p>Alumnes i mestres de 5\u00e8 i 6\u00e8.<\/p>\n<p>Cliqueu en els seg\u00fcents links per visualitzar els diferents documents que van realitzar els alumnes:<\/p>\n<p>Fitxa 1 :\u00a0<a title=\"alba-h-i-roger\" href=\"https:\/\/agora.xtec.cat\/ceiptorresjonama\/wp-content\/uploads\/usu279\/2017\/01\/alba-h-i-roger.pdf\">alba-h-i-roger<\/a>\u00a0 \u00a0 \u00a0 \u00a0 \u00a0 \u00a0 \u00a0 \u00a0 \u00a0 \u00a0 \u00a0 \u00a0 \u00a0 \u00a0 \u00a0 \u00a0 \u00a0 \u00a0 \u00a0 \u00a0 \u00a0 \u00a0 \u00a0 \u00a0 Fitxa 2:\u00a0<a title=\"fitxa-expressions-aleix-i-nil\" href=\"https:\/\/agora.xtec.cat\/ceiptorresjonama\/wp-content\/uploads\/usu279\/2017\/01\/fitxa-expressions-aleix-i-nil.pdf\">fitxa-expressions-aleix-i-nil<\/a><\/p>\n<p>Fitxa 3:\u00a0<a title=\"a-cabassos-helena-i-jana\" href=\"https:\/\/agora.xtec.cat\/ceiptorresjonama\/wp-content\/uploads\/usu279\/2017\/01\/a-cabassos-helena-i-jana.pdf\">a-cabassos-helena-i-jana<\/a>\u00a0 \u00a0 \u00a0 \u00a0 \u00a0 \u00a0 \u00a0 \u00a0 \u00a0 \u00a0 \u00a0 \u00a0 \u00a0 \u00a0Fitxa 4:\u00a0<a title=\"fitxa-expressions\" href=\"https:\/\/agora.xtec.cat\/ceiptorresjonama\/wp-content\/uploads\/usu279\/2017\/01\/fitxa-expressions.pdf\">fitxa-expressions<\/a><\/p>\n<p>Fitxa 5:\u00a0<a title=\"catxat-carlos-i-mohamed\" href=\"https:\/\/agora.xtec.cat\/ceiptorresjonama\/wp-content\/uploads\/usu279\/2017\/01\/catxat-carlos-i-mohamed.pdf\">catxat-carlos-i-mohamed<\/a>\u00a0 \u00a0 \u00a0 \u00a0 \u00a0 \u00a0 \u00a0 \u00a0 \u00a0 \u00a0 \u00a0 \u00a0 \u00a0 \u00a0Fitxa 6:\u00a0<a title=\"fitxa-expressions-1\" href=\"https:\/\/agora.xtec.cat\/ceiptorresjonama\/wp-content\/uploads\/usu279\/2017\/01\/fitxa-expressions-1.pdf\">fitxa-expressions-1<\/a><\/p>\n<p>Fitxa 7:\u00a0<a title=\"deixalles-iker-chaymaa\" href=\"https:\/\/agora.xtec.cat\/ceiptorresjonama\/wp-content\/uploads\/usu279\/2017\/01\/deixalles-iker-chaymaa.pdf\">deixalles-iker-chaymaa<\/a>\u00a0 \u00a0 \u00a0 \u00a0 \u00a0 \u00a0 \u00a0 \u00a0 \u00a0 \u00a0 \u00a0 \u00a0 \u00a0 \u00a0 \u00a0 \u00a0 Fitxa 8:\u00a0<a title=\"fitxa-expressions-2\" href=\"https:\/\/agora.xtec.cat\/ceiptorresjonama\/wp-content\/uploads\/usu279\/2017\/01\/fitxa-expressions-2.pdf\">fitxa-expressions-2<\/a><\/p>\n<p>Fitxa 9:\u00a0<a title=\"fitxa-expressions-3\" href=\"https:\/\/agora.xtec.cat\/ceiptorresjonama\/wp-content\/uploads\/usu279\/2017\/01\/fitxa-expressions-3.pdf\">fitxa-expressions-3<\/a>\u00a0 \u00a0 \u00a0 \u00a0 \u00a0 \u00a0 \u00a0 \u00a0 \u00a0 \u00a0 \u00a0 \u00a0 \u00a0 \u00a0 \u00a0 \u00a0 \u00a0 \u00a0 \u00a0 \u00a0 Fitxa 10:\u00a0<a title=\"fitxa-expressions-4\" href=\"https:\/\/agora.xtec.cat\/ceiptorresjonama\/wp-content\/uploads\/usu279\/2017\/01\/fitxa-expressions-4.pdf\">fitxa-expressions-4<\/a><\/p>\n<p>Fitxa 11:\u00a0<a title=\"fitxa-expressions-5\" href=\"https:\/\/agora.xtec.cat\/ceiptorresjonama\/wp-content\/uploads\/usu279\/2017\/01\/fitxa-expressions-5.pdf\">fitxa-expressions-5<\/a>\u00a0 \u00a0 \u00a0 \u00a0 \u00a0 \u00a0 \u00a0 \u00a0 \u00a0 \u00a0 \u00a0 \u00a0 \u00a0 \u00a0 \u00a0 \u00a0 \u00a0 \u00a0 \u00a0 \u00a0Fitxa 12:\u00a0<a title=\"fitxa-expressions-6\" href=\"https:\/\/agora.xtec.cat\/ceiptorresjonama\/wp-content\/uploads\/usu279\/2017\/01\/fitxa-expressions-6.pdf\">fitxa-expressions-6<\/a><\/p>\n<p>Fitxa 13:\u00a0<a title=\"fitxa-expressions-7\" href=\"https:\/\/agora.xtec.cat\/ceiptorresjonama\/wp-content\/uploads\/usu279\/2017\/01\/fitxa-expressions-7.pdf\">fitxa-expressions-7<\/a>\u00a0 \u00a0 \u00a0 \u00a0 \u00a0 \u00a0 \u00a0 \u00a0 \u00a0 \u00a0 \u00a0 \u00a0 \u00a0 \u00a0 \u00a0 \u00a0 \u00a0 \u00a0 \u00a0 \u00a0Fitxa 14:\u00a0<a title=\"fotre-a-rodar\" href=\"https:\/\/agora.xtec.cat\/ceiptorresjonama\/wp-content\/uploads\/usu279\/2017\/01\/fotre-a-rodar.pdf\">fotre-a-rodar<\/a><\/p>\n<p>Fitxa 15:\u00a0<a title=\"gerard-iadria\" href=\"https:\/\/agora.xtec.cat\/ceiptorresjonama\/wp-content\/uploads\/usu279\/2017\/01\/gerard-iadric3a0.pdf\">gerard-iadria<\/a>\u00a0 \u00a0 \u00a0 \u00a0 \u00a0 \u00a0 \u00a0 \u00a0 \u00a0 \u00a0 \u00a0 \u00a0 \u00a0 \u00a0 \u00a0 \u00a0 \u00a0 \u00a0 \u00a0 \u00a0 \u00a0 \u00a0 \u00a0 \u00a0 \u00a0 \u00a0 Fitxa 16:\u00a0<a title=\"kira-i-kiara-orella-de-gat\" href=\"https:\/\/agora.xtec.cat\/ceiptorresjonama\/wp-content\/uploads\/usu279\/2017\/01\/kira-i-kiara-orella-de-gat.pdf\">kira-i-kiara-orella-de-gat<\/a><\/p>\n<p>Fitxa 17:\u00a0<a title=\"mar-i-laia-cap-de-suro\" href=\"https:\/\/agora.xtec.cat\/ceiptorresjonama\/wp-content\/uploads\/usu279\/2017\/01\/mar-i-laia-cap-de-suro.pdf\">mar-i-laia-cap-de-suro<\/a>\u00a0 \u00a0 \u00a0 \u00a0 \u00a0 \u00a0 \u00a0 \u00a0 \u00a0 \u00a0 \u00a0 \u00a0 \u00a0 \u00a0 \u00a0 \u00a0Fitxa 18:\u00a0<a title=\"rebaixins-kristina-i-buna\" href=\"https:\/\/agora.xtec.cat\/ceiptorresjonama\/wp-content\/uploads\/usu279\/2017\/01\/rebaixins-kristina-i-buna.pdf\">rebaixins-kristina-i-buna<\/a><\/p>\n<p>Fitxa 19:\u00a0<a title=\"xiscar-alvaro-judith-i-dani\" href=\"https:\/\/agora.xtec.cat\/ceiptorresjonama\/wp-content\/uploads\/usu279\/2017\/01\/xiscar-c3a1lvaro-judith-i-dani.pdf\">xiscar-alvaro-judith-i-dani<\/a><\/p>\n","protected":false},"excerpt":{"rendered":"<p>A Palafrugell i sovint tamb\u00e9 als pobles del voltant, la gent, encara ara, parla amb mots i expressions que van sorgir en una \u00e8poca molt determinada, quan la ind\u00fastria surera era l\u2019activitat predominant.<br \/>\nLa Maria Bruguera, coautora junt amb Carles Serra del llibre \u201cCoses sentides, el&hellip;  <a href=\"https:\/\/agora.xtec.cat\/ceiptorresjonama\/uncategorized\/el-parlar-de-palafrugell\/\" title=\"Read EL\u00a0 PARLAR\u00a0 DE\u00a0 PALAFRUGELL\">Llegeix m\u00e9s\u00bb<\/a><\/p>\n","protected":false},"author":1,"featured_media":0,"comment_status":"closed","ping_status":"closed","sticky":false,"template":"","format":"standard","meta":{"_bbp_topic_count":0,"_bbp_reply_count":0,"_bbp_total_topic_count":0,"_bbp_total_reply_count":0,"_bbp_voice_count":0,"_bbp_anonymous_reply_count":0,"_bbp_topic_count_hidden":0,"_bbp_reply_count_hidden":0,"_bbp_forum_subforum_count":0,"footnotes":""},"categories":[60],"tags":[],"class_list":["post-775","post","type-post","status-publish","format-standard","hentry","category-uncategorized"],"post_mailing_queue_ids":[],"_links":{"self":[{"href":"https:\/\/agora.xtec.cat\/ceiptorresjonama\/wp-json\/wp\/v2\/posts\/775","targetHints":{"allow":["GET"]}}],"collection":[{"href":"https:\/\/agora.xtec.cat\/ceiptorresjonama\/wp-json\/wp\/v2\/posts"}],"about":[{"href":"https:\/\/agora.xtec.cat\/ceiptorresjonama\/wp-json\/wp\/v2\/types\/post"}],"author":[{"embeddable":true,"href":"https:\/\/agora.xtec.cat\/ceiptorresjonama\/wp-json\/wp\/v2\/users\/1"}],"replies":[{"embeddable":true,"href":"https:\/\/agora.xtec.cat\/ceiptorresjonama\/wp-json\/wp\/v2\/comments?post=775"}],"version-history":[{"count":0,"href":"https:\/\/agora.xtec.cat\/ceiptorresjonama\/wp-json\/wp\/v2\/posts\/775\/revisions"}],"wp:attachment":[{"href":"https:\/\/agora.xtec.cat\/ceiptorresjonama\/wp-json\/wp\/v2\/media?parent=775"}],"wp:term":[{"taxonomy":"category","embeddable":true,"href":"https:\/\/agora.xtec.cat\/ceiptorresjonama\/wp-json\/wp\/v2\/categories?post=775"},{"taxonomy":"post_tag","embeddable":true,"href":"https:\/\/agora.xtec.cat\/ceiptorresjonama\/wp-json\/wp\/v2\/tags?post=775"}],"curies":[{"name":"wp","href":"https:\/\/api.w.org\/{rel}","templated":true}]}}