{"id":7716,"date":"2023-02-15T12:52:14","date_gmt":"2023-02-15T11:52:14","guid":{"rendered":"https:\/\/agora.xtec.cat\/ceiptorresjonama\/?p=7716"},"modified":"2023-09-02T11:51:48","modified_gmt":"2023-09-02T09:51:48","slug":"preinscripcio-2023-24","status":"publish","type":"post","link":"https:\/\/agora.xtec.cat\/ceiptorresjonama\/general\/preinscripcio-2023-24\/","title":{"rendered":"Preinscripci\u00f3 2023-24"},"content":{"rendered":"<p><strong>La sol.licitud de la preinscripci\u00f3 del curs 2023-24 es podr\u00e0 presentar del 6 al 20 de mar\u00e7.<\/strong><\/p>\n<p style=\"text-align: left;\"><strong style=\"font-family: inherit; font-size: 1em;\">La jornada de portes obertes a\u00a0 l&#8217;escola ser\u00e0 el dimecres 1 de mar\u00e7 a les 9h o a les 17h <\/strong>(<strong>no cal cita pr\u00e8via<\/strong>). Us podeu posar en contacte amb l&#8217;escola a trav\u00e9s del correu<strong style=\"font-family: inherit; font-size: 1em;\"><a href=\"mailto:ceiptorresjonama@xtec.cat\" target=\"_blank\" rel=\"noopener\"> ceiptorresjonama@xtec.cat<\/a>\u00a0 <\/strong>o el tel\u00e8fon<strong style=\"font-family: inherit; font-size: 1em;\"> 972304769\u00a0<\/strong>si teniu algun dubte o voleu m\u00e9s informaci\u00f3.<\/p>\n<table style=\"width: 100%; border-collapse: collapse; background-color: #ceedd1; border-color: #000000;\">\n<tbody>\n<tr>\n<td style=\"width: 50%; text-align: center;\"><strong>INFORMACI\u00d3 DEL DEPARTAMENT SOBRE LA PREINSCRIPCI\u00d3 2023-24 (Clica la imatge per m\u00e9s informaci\u00f3)<\/strong><\/p>\n<p><a href=\"https:\/\/preinscripcio.gencat.cat\/ca\/estudis\/infantil-3-6\/inici\/\" target=\"_blank\" rel=\"noopener\"><img loading=\"lazy\" decoding=\"async\" class=\"aligncenter wp-image-7735\" src=\"https:\/\/agora.xtec.cat\/ceiptorresjonama\/wp-content\/uploads\/usu279\/2023\/02\/preinscripcio.gif_366457665-300x274.gif\" alt=\"\" width=\"401\" height=\"366\" \/><\/a><\/td>\n<\/tr>\n<\/tbody>\n<\/table>\n","protected":false},"excerpt":{"rendered":"<p>La sol.licitud de la preinscripci\u00f3 del curs 2023-24 es podr\u00e0 presentar del 6 al 20 de mar\u00e7.<br \/>\nLa jornada de portes obertes a\u00a0 l&#8217;escola ser\u00e0 el dimecres 1 de mar\u00e7 a les 9h o a les 17h (no cal cita pr\u00e8via). Us podeu posar en contacte&hellip;  <a href=\"https:\/\/agora.xtec.cat\/ceiptorresjonama\/general\/preinscripcio-2023-24\/\" title=\"Read Preinscripci\u00f3 2023-24\">Llegeix m\u00e9s\u00bb<\/a><\/p>\n","protected":false},"author":3,"featured_media":0,"comment_status":"closed","ping_status":"closed","sticky":false,"template":"","format":"standard","meta":{"_bbp_topic_count":0,"_bbp_reply_count":0,"_bbp_total_topic_count":0,"_bbp_total_reply_count":0,"_bbp_voice_count":0,"_bbp_anonymous_reply_count":0,"_bbp_topic_count_hidden":0,"_bbp_reply_count_hidden":0,"_bbp_forum_subforum_count":0,"footnotes":""},"categories":[1],"tags":[],"class_list":["post-7716","post","type-post","status-publish","format-standard","hentry","category-general"],"post_mailing_queue_ids":[],"_links":{"self":[{"href":"https:\/\/agora.xtec.cat\/ceiptorresjonama\/wp-json\/wp\/v2\/posts\/7716","targetHints":{"allow":["GET"]}}],"collection":[{"href":"https:\/\/agora.xtec.cat\/ceiptorresjonama\/wp-json\/wp\/v2\/posts"}],"about":[{"href":"https:\/\/agora.xtec.cat\/ceiptorresjonama\/wp-json\/wp\/v2\/types\/post"}],"author":[{"embeddable":true,"href":"https:\/\/agora.xtec.cat\/ceiptorresjonama\/wp-json\/wp\/v2\/users\/3"}],"replies":[{"embeddable":true,"href":"https:\/\/agora.xtec.cat\/ceiptorresjonama\/wp-json\/wp\/v2\/comments?post=7716"}],"version-history":[{"count":4,"href":"https:\/\/agora.xtec.cat\/ceiptorresjonama\/wp-json\/wp\/v2\/posts\/7716\/revisions"}],"predecessor-version":[{"id":8172,"href":"https:\/\/agora.xtec.cat\/ceiptorresjonama\/wp-json\/wp\/v2\/posts\/7716\/revisions\/8172"}],"wp:attachment":[{"href":"https:\/\/agora.xtec.cat\/ceiptorresjonama\/wp-json\/wp\/v2\/media?parent=7716"}],"wp:term":[{"taxonomy":"category","embeddable":true,"href":"https:\/\/agora.xtec.cat\/ceiptorresjonama\/wp-json\/wp\/v2\/categories?post=7716"},{"taxonomy":"post_tag","embeddable":true,"href":"https:\/\/agora.xtec.cat\/ceiptorresjonama\/wp-json\/wp\/v2\/tags?post=7716"}],"curies":[{"name":"wp","href":"https:\/\/api.w.org\/{rel}","templated":true}]}}