{"id":7704,"date":"2023-02-14T16:03:27","date_gmt":"2023-02-14T15:03:27","guid":{"rendered":"https:\/\/agora.xtec.cat\/ceiptorresjonama\/?p=7704"},"modified":"2023-02-14T16:03:27","modified_gmt":"2023-02-14T15:03:27","slug":"contes-per-a-la-igualtat-i-el-respecte-a-la-diferencia","status":"publish","type":"post","link":"https:\/\/agora.xtec.cat\/ceiptorresjonama\/general\/contes-per-a-la-igualtat-i-el-respecte-a-la-diferencia\/","title":{"rendered":"CONTES PER A LA IGUALTAT I EL RESPECTE A LA DIFER\u00c8NCIA"},"content":{"rendered":"<p>Avui la Casandra ens ha vingut a explicar contes per a la igualtat i el respecte a la difer\u00e8ncia. Ens han agradat molt i ens han ajudat a aclarir dubtes que ten\u00edem. Hem apr\u00e8s i compartit moltes idees i preguntes. Aquesta activitat forma part del programa &#8220;Sigues tu&#8221; de Dipsalut.<\/p>\n<p style=\"text-align: center\"><strong>Per veure les fotografies podeu entrar a la carpeta que us hem compartit al vostre Drive o podeu\u00a0<\/strong><strong>entrar a l\u2019apartat GALERIA de la nostra web.<\/strong><\/p>\n<p><a href=\"https:\/\/drive.google.com\/drive\/folders\/1RpXpGOtXS3XO1ts9OGJm661CN8eutvRB?usp=share_link\"><img loading=\"lazy\" decoding=\"async\" class=\"aligncenter size-large wp-image-7705\" src=\"https:\/\/agora.xtec.cat\/ceiptorresjonama\/wp-content\/uploads\/usu279\/2023\/02\/IMG_9537-1024x768.jpg\" alt=\"\" width=\"1024\" height=\"768\" srcset=\"https:\/\/agora.xtec.cat\/ceiptorresjonama\/wp-content\/uploads\/usu279\/2023\/02\/IMG_9537-1024x768.jpg 1024w, https:\/\/agora.xtec.cat\/ceiptorresjonama\/wp-content\/uploads\/usu279\/2023\/02\/IMG_9537-300x225.jpg 300w, https:\/\/agora.xtec.cat\/ceiptorresjonama\/wp-content\/uploads\/usu279\/2023\/02\/IMG_9537-768x576.jpg 768w, https:\/\/agora.xtec.cat\/ceiptorresjonama\/wp-content\/uploads\/usu279\/2023\/02\/IMG_9537-1536x1152.jpg 1536w, https:\/\/agora.xtec.cat\/ceiptorresjonama\/wp-content\/uploads\/usu279\/2023\/02\/IMG_9537-200x150.jpg 200w, https:\/\/agora.xtec.cat\/ceiptorresjonama\/wp-content\/uploads\/usu279\/2023\/02\/IMG_9537.jpg 2016w\" sizes=\"auto, (max-width: 1024px) 100vw, 1024px\" \/><\/a><\/p>\n","protected":false},"excerpt":{"rendered":"<p>Avui la Casandra ens ha vingut a explicar contes per a la igualtat i el respecte a la difer\u00e8ncia. Ens han agradat molt i ens han ajudat a aclarir dubtes que ten\u00edem. Hem apr\u00e8s i compartit moltes idees i preguntes. Aquesta activitat forma part del&hellip;  <a href=\"https:\/\/agora.xtec.cat\/ceiptorresjonama\/general\/contes-per-a-la-igualtat-i-el-respecte-a-la-diferencia\/\" title=\"Read CONTES PER A LA IGUALTAT I EL RESPECTE A LA DIFER\u00c8NCIA\">Llegeix m\u00e9s\u00bb<\/a><\/p>\n","protected":false},"author":4,"featured_media":0,"comment_status":"closed","ping_status":"closed","sticky":false,"template":"","format":"standard","meta":{"_bbp_topic_count":0,"_bbp_reply_count":0,"_bbp_total_topic_count":0,"_bbp_total_reply_count":0,"_bbp_voice_count":0,"_bbp_anonymous_reply_count":0,"_bbp_topic_count_hidden":0,"_bbp_reply_count_hidden":0,"_bbp_forum_subforum_count":0,"footnotes":""},"categories":[11,1],"tags":[],"class_list":["post-7704","post","type-post","status-publish","format-standard","hentry","category-4t","category-general"],"post_mailing_queue_ids":[],"_links":{"self":[{"href":"https:\/\/agora.xtec.cat\/ceiptorresjonama\/wp-json\/wp\/v2\/posts\/7704","targetHints":{"allow":["GET"]}}],"collection":[{"href":"https:\/\/agora.xtec.cat\/ceiptorresjonama\/wp-json\/wp\/v2\/posts"}],"about":[{"href":"https:\/\/agora.xtec.cat\/ceiptorresjonama\/wp-json\/wp\/v2\/types\/post"}],"author":[{"embeddable":true,"href":"https:\/\/agora.xtec.cat\/ceiptorresjonama\/wp-json\/wp\/v2\/users\/4"}],"replies":[{"embeddable":true,"href":"https:\/\/agora.xtec.cat\/ceiptorresjonama\/wp-json\/wp\/v2\/comments?post=7704"}],"version-history":[{"count":2,"href":"https:\/\/agora.xtec.cat\/ceiptorresjonama\/wp-json\/wp\/v2\/posts\/7704\/revisions"}],"predecessor-version":[{"id":7707,"href":"https:\/\/agora.xtec.cat\/ceiptorresjonama\/wp-json\/wp\/v2\/posts\/7704\/revisions\/7707"}],"wp:attachment":[{"href":"https:\/\/agora.xtec.cat\/ceiptorresjonama\/wp-json\/wp\/v2\/media?parent=7704"}],"wp:term":[{"taxonomy":"category","embeddable":true,"href":"https:\/\/agora.xtec.cat\/ceiptorresjonama\/wp-json\/wp\/v2\/categories?post=7704"},{"taxonomy":"post_tag","embeddable":true,"href":"https:\/\/agora.xtec.cat\/ceiptorresjonama\/wp-json\/wp\/v2\/tags?post=7704"}],"curies":[{"name":"wp","href":"https:\/\/api.w.org\/{rel}","templated":true}]}}