{"id":7611,"date":"2022-11-17T16:41:23","date_gmt":"2022-11-17T15:41:23","guid":{"rendered":"https:\/\/agora.xtec.cat\/ceiptorresjonama\/?p=7611"},"modified":"2022-11-17T16:41:23","modified_gmt":"2022-11-17T15:41:23","slug":"bicicletada-a-castell-barraca-den-dali","status":"publish","type":"post","link":"https:\/\/agora.xtec.cat\/ceiptorresjonama\/primaria\/6e\/bicicletada-a-castell-barraca-den-dali\/","title":{"rendered":"Bicicletada a Castell. Barraca d&#8217;en Dal\u00ed"},"content":{"rendered":"<p>Aquest mat\u00ed hem agafat les bicicletes i hem anat per la via verda fins a la Platja de Castell. Un cop all\u00e0 ens hem endinsat pel Cap Roig on hem pogut veure la barraca d&#8217;en Dal\u00ed.<\/p>\n<p>Es tracta d&#8217;un petit taller que va ser regalat a Dal\u00ed com un gest de cordialitat per part d&#8217;un amic seu, Alberto Puig Palau l&#8217;any 1940 <span style=\"font-family: inherit;font-size: 1em\">. Per\u00f2 finalment, Dal\u00ed no va fer-la servir com a taller, tot i que hi va anar en alguna ocasi\u00f3.<\/span><\/p>\n<p>A m\u00e9s, ens hem pogut acostar fins el poblat ib\u00e8ric de Castell, que tot i que est\u00e0 tancat, hem pogut imaginar com vivien els nostres avantpassats en un paratge tant bonic i privilegiat.<\/p>\n<p>&nbsp;<\/p>\n<p><a href=\"https:\/\/agora.xtec.cat\/ceiptorresjonama\/wp-content\/uploads\/usu279\/2022\/11\/castell-scaled.jpg\"><img loading=\"lazy\" decoding=\"async\" class=\"aligncenter size-large wp-image-7612\" src=\"https:\/\/agora.xtec.cat\/ceiptorresjonama\/wp-content\/uploads\/usu279\/2022\/11\/castell-1024x590.jpg\" alt=\"\" width=\"1024\" height=\"590\" srcset=\"https:\/\/agora.xtec.cat\/ceiptorresjonama\/wp-content\/uploads\/usu279\/2022\/11\/castell-1024x590.jpg 1024w, https:\/\/agora.xtec.cat\/ceiptorresjonama\/wp-content\/uploads\/usu279\/2022\/11\/castell-300x173.jpg 300w, https:\/\/agora.xtec.cat\/ceiptorresjonama\/wp-content\/uploads\/usu279\/2022\/11\/castell-768x442.jpg 768w, https:\/\/agora.xtec.cat\/ceiptorresjonama\/wp-content\/uploads\/usu279\/2022\/11\/castell-1536x884.jpg 1536w, https:\/\/agora.xtec.cat\/ceiptorresjonama\/wp-content\/uploads\/usu279\/2022\/11\/castell-2048x1179.jpg 2048w\" sizes=\"auto, (max-width: 1024px) 100vw, 1024px\" \/><\/a><\/p>\n","protected":false},"excerpt":{"rendered":"<p>Aquest mat\u00ed hem agafat les bicicletes i hem anat per la via verda fins a la Platja de Castell. Un cop all\u00e0 ens hem endinsat pel Cap Roig on hem pogut veure la barraca d&#8217;en Dal\u00ed.<br \/>\nEs tracta d&#8217;un petit taller que va ser regalat a&hellip;  <a href=\"https:\/\/agora.xtec.cat\/ceiptorresjonama\/primaria\/6e\/bicicletada-a-castell-barraca-den-dali\/\" title=\"Read Bicicletada a Castell. Barraca d&#8217;en Dal\u00ed\">Llegeix m\u00e9s\u00bb<\/a><\/p>\n","protected":false},"author":4,"featured_media":0,"comment_status":"closed","ping_status":"closed","sticky":false,"template":"","format":"standard","meta":{"_bbp_topic_count":0,"_bbp_reply_count":0,"_bbp_total_topic_count":0,"_bbp_total_reply_count":0,"_bbp_voice_count":0,"_bbp_anonymous_reply_count":0,"_bbp_topic_count_hidden":0,"_bbp_reply_count_hidden":0,"_bbp_forum_subforum_count":0,"footnotes":""},"categories":[13,14],"tags":[],"class_list":["post-7611","post","type-post","status-publish","format-standard","hentry","category-6e","category-6e-22-23"],"post_mailing_queue_ids":[],"_links":{"self":[{"href":"https:\/\/agora.xtec.cat\/ceiptorresjonama\/wp-json\/wp\/v2\/posts\/7611","targetHints":{"allow":["GET"]}}],"collection":[{"href":"https:\/\/agora.xtec.cat\/ceiptorresjonama\/wp-json\/wp\/v2\/posts"}],"about":[{"href":"https:\/\/agora.xtec.cat\/ceiptorresjonama\/wp-json\/wp\/v2\/types\/post"}],"author":[{"embeddable":true,"href":"https:\/\/agora.xtec.cat\/ceiptorresjonama\/wp-json\/wp\/v2\/users\/4"}],"replies":[{"embeddable":true,"href":"https:\/\/agora.xtec.cat\/ceiptorresjonama\/wp-json\/wp\/v2\/comments?post=7611"}],"version-history":[{"count":1,"href":"https:\/\/agora.xtec.cat\/ceiptorresjonama\/wp-json\/wp\/v2\/posts\/7611\/revisions"}],"predecessor-version":[{"id":7613,"href":"https:\/\/agora.xtec.cat\/ceiptorresjonama\/wp-json\/wp\/v2\/posts\/7611\/revisions\/7613"}],"wp:attachment":[{"href":"https:\/\/agora.xtec.cat\/ceiptorresjonama\/wp-json\/wp\/v2\/media?parent=7611"}],"wp:term":[{"taxonomy":"category","embeddable":true,"href":"https:\/\/agora.xtec.cat\/ceiptorresjonama\/wp-json\/wp\/v2\/categories?post=7611"},{"taxonomy":"post_tag","embeddable":true,"href":"https:\/\/agora.xtec.cat\/ceiptorresjonama\/wp-json\/wp\/v2\/tags?post=7611"}],"curies":[{"name":"wp","href":"https:\/\/api.w.org\/{rel}","templated":true}]}}