{"id":7608,"date":"2022-11-16T07:45:06","date_gmt":"2022-11-16T06:45:06","guid":{"rendered":"https:\/\/agora.xtec.cat\/ceiptorresjonama\/?p=7608"},"modified":"2024-06-28T10:20:32","modified_gmt":"2024-06-28T08:20:32","slug":"fira-cientifica-ins-baix-emporda","status":"publish","type":"post","link":"https:\/\/agora.xtec.cat\/ceiptorresjonama\/primaria\/6e-22-23\/fira-cientifica-ins-baix-emporda\/","title":{"rendered":"FIRA CIENT\u00cdFICA INS BAIX EMPORD\u00c0"},"content":{"rendered":"<p>El departament de ci\u00e8ncies experimentals de l\u2019INS Baix Empord\u00e0 ha\u00a0organitzat una fira cient\u00edfica per al\u00a0dimarts 15 de novembre, coincidint amb la Setmana de la Ci\u00e8ncia.<\/p>\n<p>Ens han convidat a participar al seu esdeveniment on, l\u2019alumnat de 2n d\u2019ESO, ha realitzat senzills experiments cient\u00edfics per a alumnat de cicle superior de diferents escoles. L&#8217;objectiu era fer m\u00e9s propera la ci\u00e8ncia a l\u2019alumnat i podem assegurar que s&#8217;ha aconseguit.<br \/>\nAquesta activitat ha consistit en diversos estands situats al pavell\u00f3 de davant del centre i s&#8217;ha realitzat durant el mat\u00ed.<\/p>\n<p>Agra\u00efm la dedicaci\u00f3, l&#8217;esfor\u00e7 i l&#8217;ensenyament. Felicitats!!<\/p>\n<p><a href=\"https:\/\/agora.xtec.cat\/ceiptorresjonama\/wp-content\/uploads\/usu279\/2022\/11\/noticia.jpg\"><img loading=\"lazy\" decoding=\"async\" class=\"aligncenter wp-image-7609\" src=\"https:\/\/agora.xtec.cat\/ceiptorresjonama\/wp-content\/uploads\/usu279\/2022\/11\/noticia.jpg\" alt=\"\" width=\"252\" height=\"300\" srcset=\"https:\/\/agora.xtec.cat\/ceiptorresjonama\/wp-content\/uploads\/usu279\/2022\/11\/noticia.jpg 403w, https:\/\/agora.xtec.cat\/ceiptorresjonama\/wp-content\/uploads\/usu279\/2022\/11\/noticia-252x300.jpg 252w\" sizes=\"auto, (max-width: 252px) 100vw, 252px\" \/><\/a><\/p>\n<p>Podeu veure les fotografies que hem fet en el vostre drive.<\/p>\n","protected":false},"excerpt":{"rendered":"<p>El departament de ci\u00e8ncies experimentals de l\u2019INS Baix Empord\u00e0 ha\u00a0organitzat una fira cient\u00edfica per al\u00a0dimarts 15 de novembre, coincidint amb la Setmana de la Ci\u00e8ncia.<br \/>\nEns han convidat a participar al seu esdeveniment on, l\u2019alumnat de 2n d\u2019ESO, ha realitzat senzills experiments cient\u00edfics per a alumnat&hellip;  <a href=\"https:\/\/agora.xtec.cat\/ceiptorresjonama\/primaria\/6e-22-23\/fira-cientifica-ins-baix-emporda\/\" title=\"Read FIRA CIENT\u00cdFICA INS BAIX EMPORD\u00c0\">Llegeix m\u00e9s\u00bb<\/a><\/p>\n","protected":false},"author":4,"featured_media":0,"comment_status":"closed","ping_status":"closed","sticky":false,"template":"","format":"standard","meta":{"_bbp_topic_count":0,"_bbp_reply_count":0,"_bbp_total_topic_count":0,"_bbp_total_reply_count":0,"_bbp_voice_count":0,"_bbp_anonymous_reply_count":0,"_bbp_topic_count_hidden":0,"_bbp_reply_count_hidden":0,"_bbp_forum_subforum_count":0,"footnotes":""},"categories":[14],"tags":[],"class_list":["post-7608","post","type-post","status-publish","format-standard","hentry","category-6e-22-23"],"post_mailing_queue_ids":[],"_links":{"self":[{"href":"https:\/\/agora.xtec.cat\/ceiptorresjonama\/wp-json\/wp\/v2\/posts\/7608","targetHints":{"allow":["GET"]}}],"collection":[{"href":"https:\/\/agora.xtec.cat\/ceiptorresjonama\/wp-json\/wp\/v2\/posts"}],"about":[{"href":"https:\/\/agora.xtec.cat\/ceiptorresjonama\/wp-json\/wp\/v2\/types\/post"}],"author":[{"embeddable":true,"href":"https:\/\/agora.xtec.cat\/ceiptorresjonama\/wp-json\/wp\/v2\/users\/4"}],"replies":[{"embeddable":true,"href":"https:\/\/agora.xtec.cat\/ceiptorresjonama\/wp-json\/wp\/v2\/comments?post=7608"}],"version-history":[{"count":1,"href":"https:\/\/agora.xtec.cat\/ceiptorresjonama\/wp-json\/wp\/v2\/posts\/7608\/revisions"}],"predecessor-version":[{"id":7610,"href":"https:\/\/agora.xtec.cat\/ceiptorresjonama\/wp-json\/wp\/v2\/posts\/7608\/revisions\/7610"}],"wp:attachment":[{"href":"https:\/\/agora.xtec.cat\/ceiptorresjonama\/wp-json\/wp\/v2\/media?parent=7608"}],"wp:term":[{"taxonomy":"category","embeddable":true,"href":"https:\/\/agora.xtec.cat\/ceiptorresjonama\/wp-json\/wp\/v2\/categories?post=7608"},{"taxonomy":"post_tag","embeddable":true,"href":"https:\/\/agora.xtec.cat\/ceiptorresjonama\/wp-json\/wp\/v2\/tags?post=7608"}],"curies":[{"name":"wp","href":"https:\/\/api.w.org\/{rel}","templated":true}]}}