{"id":7451,"date":"2022-09-22T20:21:09","date_gmt":"2022-09-22T18:21:09","guid":{"rendered":"https:\/\/agora.xtec.cat\/ceiptorresjonama\/?p=7451"},"modified":"2022-09-22T20:21:09","modified_gmt":"2022-09-22T18:21:09","slug":"informacio-galeria-dimatges","status":"publish","type":"post","link":"https:\/\/agora.xtec.cat\/ceiptorresjonama\/uncategorized\/informacio-galeria-dimatges\/","title":{"rendered":"Informaci\u00f3 Galeria d&#8217;imatges"},"content":{"rendered":"<p>Us informem que a partir del curs 2022-23 canviarem <strong>\u00a0l\u2019acc\u00e9s a les imatges de les activitats del centre<\/strong>, les quals\u00a0<strong>estaran restringides nom\u00e9s a les fam\u00edlies del centre<\/strong>. El motiu del canvi ser\u00e0 el de\u00a0<strong>vetllar per la privacitat i la intimitat dels infants<\/strong>, de manera que l\u2019acc\u00e9s es donar\u00e0 solament a les fam\u00edlies i tutors dels menors.<\/p>\n<p>Per accedir al contingut de les imatges haureu de posar el vostre usuari i contrasenya del correu gmail que ens vau facilitar.<\/p>\n<p><strong>En aquest enlla\u00e7 podeu visualitzar un tutorial (v\u00eddeo) de com fer-ho:\u00a0<em><a href=\"https:\/\/drive.google.com\/file\/d\/1NugNs14WIbQxJ-w7Z5t8VX0wu8wEL60a\/view?usp=sharing\" target=\"_blank\" rel=\"noopener\">TUTORIAL<\/a><\/em><\/strong><\/p>\n<p>En cas de no tenir acc\u00e9s o dubtes, poseu-vos en contacte al seg\u00fcent correu electr\u00f2nic: <strong><a href=\"mailto:dubtes@etjmontras.cat\" target=\"_blank\" rel=\"noopener\">dubtes<span class=\"atwho-query\">@etjmontras.cat<\/span><\/a><\/strong><\/p>\n<p>Les fotografies (i tamb\u00e9 algun v\u00eddeo) s\u2019organitzaran en diverses carpetes. En tindreu, b\u00e0sicament, tres:<\/p>\n<ol>\n<li><strong>Festes i activitats conjuntes<\/strong>, on hi hauran les imatges que impliquin m\u00e9s d\u2019un curs, com ara festivals, activitats de centre o cicle, etc\u00e8tera.<\/li>\n<li><strong>Curs \u2013 Promoci\u00f3<\/strong>, on hi hauran les imatges de la vostra classe durant tots els cursos que estigui escolaritzat el vostre fill\/a, classificades en carpetes.<\/li>\n<li><strong>Biblioteca<\/strong>, on hi hauran les imatges dels diferents projectes que porta la Comissi\u00f3 de la Biblioteca: poema i llibre del mes, exposicions, visita d&#8217;un escriptor\/a o il.lustrador\/a a l&#8217;escola, contes, etc.<\/li>\n<\/ol>\n","protected":false},"excerpt":{"rendered":"<p>Us informem que a partir del curs 2022-23 canviarem \u00a0l\u2019acc\u00e9s a les imatges de les activitats del centre, les quals\u00a0estaran restringides nom\u00e9s a les fam\u00edlies del centre. El motiu del canvi ser\u00e0 el de\u00a0vetllar per la privacitat i la intimitat dels infants, de manera que&hellip;  <a href=\"https:\/\/agora.xtec.cat\/ceiptorresjonama\/uncategorized\/informacio-galeria-dimatges\/\" title=\"Read Informaci\u00f3 Galeria d&#8217;imatges\">Llegeix m\u00e9s\u00bb<\/a><\/p>\n","protected":false},"author":3,"featured_media":0,"comment_status":"closed","ping_status":"closed","sticky":false,"template":"","format":"standard","meta":{"_bbp_topic_count":0,"_bbp_reply_count":0,"_bbp_total_topic_count":0,"_bbp_total_reply_count":0,"_bbp_voice_count":0,"_bbp_anonymous_reply_count":0,"_bbp_topic_count_hidden":0,"_bbp_reply_count_hidden":0,"_bbp_forum_subforum_count":0,"footnotes":""},"categories":[60],"tags":[],"class_list":["post-7451","post","type-post","status-publish","format-standard","hentry","category-uncategorized"],"post_mailing_queue_ids":[],"_links":{"self":[{"href":"https:\/\/agora.xtec.cat\/ceiptorresjonama\/wp-json\/wp\/v2\/posts\/7451","targetHints":{"allow":["GET"]}}],"collection":[{"href":"https:\/\/agora.xtec.cat\/ceiptorresjonama\/wp-json\/wp\/v2\/posts"}],"about":[{"href":"https:\/\/agora.xtec.cat\/ceiptorresjonama\/wp-json\/wp\/v2\/types\/post"}],"author":[{"embeddable":true,"href":"https:\/\/agora.xtec.cat\/ceiptorresjonama\/wp-json\/wp\/v2\/users\/3"}],"replies":[{"embeddable":true,"href":"https:\/\/agora.xtec.cat\/ceiptorresjonama\/wp-json\/wp\/v2\/comments?post=7451"}],"version-history":[{"count":3,"href":"https:\/\/agora.xtec.cat\/ceiptorresjonama\/wp-json\/wp\/v2\/posts\/7451\/revisions"}],"predecessor-version":[{"id":7473,"href":"https:\/\/agora.xtec.cat\/ceiptorresjonama\/wp-json\/wp\/v2\/posts\/7451\/revisions\/7473"}],"wp:attachment":[{"href":"https:\/\/agora.xtec.cat\/ceiptorresjonama\/wp-json\/wp\/v2\/media?parent=7451"}],"wp:term":[{"taxonomy":"category","embeddable":true,"href":"https:\/\/agora.xtec.cat\/ceiptorresjonama\/wp-json\/wp\/v2\/categories?post=7451"},{"taxonomy":"post_tag","embeddable":true,"href":"https:\/\/agora.xtec.cat\/ceiptorresjonama\/wp-json\/wp\/v2\/tags?post=7451"}],"curies":[{"name":"wp","href":"https:\/\/api.w.org\/{rel}","templated":true}]}}