{"id":7306,"date":"2022-06-08T22:28:24","date_gmt":"2022-06-08T20:28:24","guid":{"rendered":"https:\/\/agora.xtec.cat\/ceiptorresjonama\/?p=7306"},"modified":"2022-06-08T22:29:05","modified_gmt":"2022-06-08T20:29:05","slug":"excursio-a-banyoles","status":"publish","type":"post","link":"https:\/\/agora.xtec.cat\/ceiptorresjonama\/infantil\/excursio-a-banyoles\/","title":{"rendered":"Excursi\u00f3 a Banyoles"},"content":{"rendered":"<p>Tots els nens i nenes d&#8217;Educaci\u00f3 Infantil vam anar d&#8217;excursi\u00f3 a Banyoles.<\/p>\n<p>Vam sortir de Mont-ras ben contents, vam pujar al bus i vam arribar al davant de l&#8217;Estany de Banyoles. Vam esmorzar i ben r\u00e0pid vam passejar per tot Banyoles amb el tren Pinxo. Despr\u00e9s del viatge del Tren Pinxo vam passejar amb la Tirona, la barca que fa la volta a l&#8217;estany. Que bonic i quantes barques que feien rem que vam veure.<\/p>\n<p>Vam caminar fins al Parc de la Draga, on vam dinar i vam tenir la sorpresa que vam poder menjar un gelat, tamb\u00e9 vam jugar una bona estona al parc dels trons. Vam tornar a Mont-ras ben cansats despr\u00e9s d&#8217;haver passat un dia molt divertit.<\/p>\n<p><a href=\"https:\/\/photos.app.goo.gl\/yvC5n5mqzsgWKb1P9\"><img loading=\"lazy\" decoding=\"async\" class=\"aligncenter wp-image-7307\" src=\"https:\/\/agora.xtec.cat\/ceiptorresjonama\/wp-content\/uploads\/usu279\/2022\/06\/Rive_du_lac_de_Banyoles-1-scaled.jpg\" alt=\"\" width=\"388\" height=\"275\" srcset=\"https:\/\/agora.xtec.cat\/ceiptorresjonama\/wp-content\/uploads\/usu279\/2022\/06\/Rive_du_lac_de_Banyoles-1-scaled.jpg 2560w, https:\/\/agora.xtec.cat\/ceiptorresjonama\/wp-content\/uploads\/usu279\/2022\/06\/Rive_du_lac_de_Banyoles-1-300x213.jpg 300w, https:\/\/agora.xtec.cat\/ceiptorresjonama\/wp-content\/uploads\/usu279\/2022\/06\/Rive_du_lac_de_Banyoles-1-1024x727.jpg 1024w, https:\/\/agora.xtec.cat\/ceiptorresjonama\/wp-content\/uploads\/usu279\/2022\/06\/Rive_du_lac_de_Banyoles-1-768x545.jpg 768w, https:\/\/agora.xtec.cat\/ceiptorresjonama\/wp-content\/uploads\/usu279\/2022\/06\/Rive_du_lac_de_Banyoles-1-1536x1090.jpg 1536w, https:\/\/agora.xtec.cat\/ceiptorresjonama\/wp-content\/uploads\/usu279\/2022\/06\/Rive_du_lac_de_Banyoles-1-2048x1453.jpg 2048w\" sizes=\"auto, (max-width: 388px) 100vw, 388px\" \/><\/a><\/p>\n<p>&nbsp;<\/p>\n","protected":false},"excerpt":{"rendered":"<p>Tots els nens i nenes d&#8217;Educaci\u00f3 Infantil vam anar d&#8217;excursi\u00f3 a Banyoles.<br \/>\nVam sortir de Mont-ras ben contents, vam pujar al bus i vam arribar al davant de l&#8217;Estany de Banyoles. Vam esmorzar i ben r\u00e0pid vam passejar per tot Banyoles amb el tren Pinxo. Despr\u00e9s&hellip;  <a href=\"https:\/\/agora.xtec.cat\/ceiptorresjonama\/infantil\/excursio-a-banyoles\/\" title=\"Read Excursi\u00f3 a Banyoles\">Llegeix m\u00e9s\u00bb<\/a><\/p>\n","protected":false},"author":4,"featured_media":0,"comment_status":"closed","ping_status":"closed","sticky":false,"template":"","format":"standard","meta":{"_bbp_topic_count":0,"_bbp_reply_count":0,"_bbp_total_topic_count":0,"_bbp_total_reply_count":0,"_bbp_voice_count":0,"_bbp_anonymous_reply_count":0,"_bbp_topic_count_hidden":0,"_bbp_reply_count_hidden":0,"_bbp_forum_subforum_count":0,"footnotes":""},"categories":[8,71,3,2],"tags":[],"class_list":["post-7306","post","type-post","status-publish","format-standard","hentry","category-1r","category-i4a","category-i5","category-infantil"],"post_mailing_queue_ids":[],"_links":{"self":[{"href":"https:\/\/agora.xtec.cat\/ceiptorresjonama\/wp-json\/wp\/v2\/posts\/7306","targetHints":{"allow":["GET"]}}],"collection":[{"href":"https:\/\/agora.xtec.cat\/ceiptorresjonama\/wp-json\/wp\/v2\/posts"}],"about":[{"href":"https:\/\/agora.xtec.cat\/ceiptorresjonama\/wp-json\/wp\/v2\/types\/post"}],"author":[{"embeddable":true,"href":"https:\/\/agora.xtec.cat\/ceiptorresjonama\/wp-json\/wp\/v2\/users\/4"}],"replies":[{"embeddable":true,"href":"https:\/\/agora.xtec.cat\/ceiptorresjonama\/wp-json\/wp\/v2\/comments?post=7306"}],"version-history":[{"count":2,"href":"https:\/\/agora.xtec.cat\/ceiptorresjonama\/wp-json\/wp\/v2\/posts\/7306\/revisions"}],"predecessor-version":[{"id":7309,"href":"https:\/\/agora.xtec.cat\/ceiptorresjonama\/wp-json\/wp\/v2\/posts\/7306\/revisions\/7309"}],"wp:attachment":[{"href":"https:\/\/agora.xtec.cat\/ceiptorresjonama\/wp-json\/wp\/v2\/media?parent=7306"}],"wp:term":[{"taxonomy":"category","embeddable":true,"href":"https:\/\/agora.xtec.cat\/ceiptorresjonama\/wp-json\/wp\/v2\/categories?post=7306"},{"taxonomy":"post_tag","embeddable":true,"href":"https:\/\/agora.xtec.cat\/ceiptorresjonama\/wp-json\/wp\/v2\/tags?post=7306"}],"curies":[{"name":"wp","href":"https:\/\/api.w.org\/{rel}","templated":true}]}}