{"id":7212,"date":"2022-05-30T13:41:02","date_gmt":"2022-05-30T11:41:02","guid":{"rendered":"https:\/\/agora.xtec.cat\/ceiptorresjonama\/?p=7212"},"modified":"2022-06-01T11:58:56","modified_gmt":"2022-06-01T09:58:56","slug":"finalista-xxvii-concurs-artistic-i-literari","status":"publish","type":"post","link":"https:\/\/agora.xtec.cat\/ceiptorresjonama\/primaria\/4t\/finalista-xxvii-concurs-artistic-i-literari\/","title":{"rendered":"FINALISTA XXVII CONCURS ART\u00cdSTIC I LITERARI"},"content":{"rendered":"<p>La nostra alumna Alexia Grande Gonz\u00e1lez de 3r de Prim\u00e0ria, el divendres dia 27 de maig, va anar a la casa de Cultura de Girona, a recollir el premi de finalista en el concurs organitzat pels Amics de la UNESCO de Girona.<\/p>\n<p>Va participar en les modalitats de Postal i de Dibuix, nivell 3. El premi el va obtenir en la primera de les dues.<\/p>\n<p>MOLTES FELICITATS, ALEXIA!<\/p>\n<p>&nbsp;<\/p>\n<p>&nbsp;<\/p>\n<p><a href=\"https:\/\/agora.xtec.cat\/ceiptorresjonama\/wp-content\/uploads\/usu279\/2022\/05\/casacultura-foto-rotated.jpg\"><img loading=\"lazy\" decoding=\"async\" class=\"aligncenter  wp-image-7213\" src=\"https:\/\/agora.xtec.cat\/ceiptorresjonama\/wp-content\/uploads\/usu279\/2022\/05\/casacultura-foto-rotated.jpg\" alt=\"\" width=\"698\" height=\"930\" srcset=\"https:\/\/agora.xtec.cat\/ceiptorresjonama\/wp-content\/uploads\/usu279\/2022\/05\/casacultura-foto-rotated.jpg 1254w, https:\/\/agora.xtec.cat\/ceiptorresjonama\/wp-content\/uploads\/usu279\/2022\/05\/casacultura-foto-225x300.jpg 225w, https:\/\/agora.xtec.cat\/ceiptorresjonama\/wp-content\/uploads\/usu279\/2022\/05\/casacultura-foto-768x1024.jpg 768w, https:\/\/agora.xtec.cat\/ceiptorresjonama\/wp-content\/uploads\/usu279\/2022\/05\/casacultura-foto-1152x1536.jpg 1152w\" sizes=\"auto, (max-width: 698px) 100vw, 698px\" \/><\/a><a href=\"https:\/\/agora.xtec.cat\/ceiptorresjonama\/wp-content\/uploads\/usu279\/2022\/05\/diploma.jpg\"><img loading=\"lazy\" decoding=\"async\" class=\"aligncenter  wp-image-7214\" src=\"https:\/\/agora.xtec.cat\/ceiptorresjonama\/wp-content\/uploads\/usu279\/2022\/05\/diploma.jpg\" alt=\"\" width=\"699\" height=\"524\" srcset=\"https:\/\/agora.xtec.cat\/ceiptorresjonama\/wp-content\/uploads\/usu279\/2022\/05\/diploma.jpg 1672w, https:\/\/agora.xtec.cat\/ceiptorresjonama\/wp-content\/uploads\/usu279\/2022\/05\/diploma-300x225.jpg 300w, https:\/\/agora.xtec.cat\/ceiptorresjonama\/wp-content\/uploads\/usu279\/2022\/05\/diploma-1024x768.jpg 1024w, https:\/\/agora.xtec.cat\/ceiptorresjonama\/wp-content\/uploads\/usu279\/2022\/05\/diploma-768x576.jpg 768w, https:\/\/agora.xtec.cat\/ceiptorresjonama\/wp-content\/uploads\/usu279\/2022\/05\/diploma-1536x1152.jpg 1536w, https:\/\/agora.xtec.cat\/ceiptorresjonama\/wp-content\/uploads\/usu279\/2022\/05\/diploma-200x150.jpg 200w\" sizes=\"auto, (max-width: 699px) 100vw, 699px\" \/><\/a><\/p>\n","protected":false},"excerpt":{"rendered":"<p>La nostra alumna Alexia Grande Gonz\u00e1lez de 3r de Prim\u00e0ria, el divendres dia 27 de maig, va anar a la casa de Cultura de Girona, a recollir el premi de finalista en el concurs organitzat pels Amics de la UNESCO de Girona.<br \/>\nVa participar en les&hellip;  <a href=\"https:\/\/agora.xtec.cat\/ceiptorresjonama\/primaria\/4t\/finalista-xxvii-concurs-artistic-i-literari\/\" title=\"Read FINALISTA XXVII CONCURS ART\u00cdSTIC I LITERARI\">Llegeix m\u00e9s\u00bb<\/a><\/p>\n","protected":false},"author":4,"featured_media":0,"comment_status":"closed","ping_status":"closed","sticky":false,"template":"","format":"standard","meta":{"_bbp_topic_count":0,"_bbp_reply_count":0,"_bbp_total_topic_count":0,"_bbp_total_reply_count":0,"_bbp_voice_count":0,"_bbp_anonymous_reply_count":0,"_bbp_topic_count_hidden":0,"_bbp_reply_count_hidden":0,"_bbp_forum_subforum_count":0,"footnotes":""},"categories":[11],"tags":[],"class_list":["post-7212","post","type-post","status-publish","format-standard","hentry","category-4t"],"post_mailing_queue_ids":[],"_links":{"self":[{"href":"https:\/\/agora.xtec.cat\/ceiptorresjonama\/wp-json\/wp\/v2\/posts\/7212","targetHints":{"allow":["GET"]}}],"collection":[{"href":"https:\/\/agora.xtec.cat\/ceiptorresjonama\/wp-json\/wp\/v2\/posts"}],"about":[{"href":"https:\/\/agora.xtec.cat\/ceiptorresjonama\/wp-json\/wp\/v2\/types\/post"}],"author":[{"embeddable":true,"href":"https:\/\/agora.xtec.cat\/ceiptorresjonama\/wp-json\/wp\/v2\/users\/4"}],"replies":[{"embeddable":true,"href":"https:\/\/agora.xtec.cat\/ceiptorresjonama\/wp-json\/wp\/v2\/comments?post=7212"}],"version-history":[{"count":3,"href":"https:\/\/agora.xtec.cat\/ceiptorresjonama\/wp-json\/wp\/v2\/posts\/7212\/revisions"}],"predecessor-version":[{"id":7220,"href":"https:\/\/agora.xtec.cat\/ceiptorresjonama\/wp-json\/wp\/v2\/posts\/7212\/revisions\/7220"}],"wp:attachment":[{"href":"https:\/\/agora.xtec.cat\/ceiptorresjonama\/wp-json\/wp\/v2\/media?parent=7212"}],"wp:term":[{"taxonomy":"category","embeddable":true,"href":"https:\/\/agora.xtec.cat\/ceiptorresjonama\/wp-json\/wp\/v2\/categories?post=7212"},{"taxonomy":"post_tag","embeddable":true,"href":"https:\/\/agora.xtec.cat\/ceiptorresjonama\/wp-json\/wp\/v2\/tags?post=7212"}],"curies":[{"name":"wp","href":"https:\/\/api.w.org\/{rel}","templated":true}]}}