{"id":7184,"date":"2022-05-27T13:26:55","date_gmt":"2022-05-27T11:26:55","guid":{"rendered":"https:\/\/agora.xtec.cat\/ceiptorresjonama\/?p=7184"},"modified":"2022-06-10T11:44:28","modified_gmt":"2022-06-10T09:44:28","slug":"sortida-museu-de-la-magia","status":"publish","type":"post","link":"https:\/\/agora.xtec.cat\/ceiptorresjonama\/primaria\/2n\/sortida-museu-de-la-magia\/","title":{"rendered":"Sortida Museu de la M\u00e0gia"},"content":{"rendered":"<p>Els alumnes de Cicle Inicial vam<span style=\"font-family: inherit;font-size: 1em\"> fer una sortida al Museu de la M\u00e0gia de Sta. Cristina d&#8217;Aro. All\u00e0 el mag Xevi ens va fer una visita per les diferents sales. Al final uns trucs de m\u00e0gia ben interessants.<\/span><\/p>\n<p>En acabat vam anar a dinar a la platja de S&#8217;Agar\u00f3.<\/p>\n<p style=\"text-align: center\">Clica a la imatge per veure m\u00e9s fotografies<a href=\"https:\/\/photos.app.goo.gl\/HtQ6YkXaBgpnD9b5A\" target=\"_blank\" rel=\"noopener\"><br \/>\n<img loading=\"lazy\" decoding=\"async\" class=\"aligncenter wp-image-7189\" src=\"https:\/\/agora.xtec.cat\/ceiptorresjonama\/wp-content\/uploads\/usu279\/2022\/05\/6.jpg\" alt=\"\" width=\"364\" height=\"809\" srcset=\"https:\/\/agora.xtec.cat\/ceiptorresjonama\/wp-content\/uploads\/usu279\/2022\/05\/6.jpg 720w, https:\/\/agora.xtec.cat\/ceiptorresjonama\/wp-content\/uploads\/usu279\/2022\/05\/6-135x300.jpg 135w, https:\/\/agora.xtec.cat\/ceiptorresjonama\/wp-content\/uploads\/usu279\/2022\/05\/6-461x1024.jpg 461w, https:\/\/agora.xtec.cat\/ceiptorresjonama\/wp-content\/uploads\/usu279\/2022\/05\/6-691x1536.jpg 691w\" sizes=\"auto, (max-width: 364px) 100vw, 364px\" \/>Cl<\/a><\/p>\n","protected":false},"excerpt":{"rendered":"<p>Els alumnes de Cicle Inicial vam fer una sortida al Museu de la M\u00e0gia de Sta. Cristina d&#8217;Aro. All\u00e0 el mag Xevi ens va fer una visita per les diferents sales. Al final uns trucs de m\u00e0gia ben interessants.<br \/>\nEn acabat vam anar a dinar a&hellip;  <a href=\"https:\/\/agora.xtec.cat\/ceiptorresjonama\/primaria\/2n\/sortida-museu-de-la-magia\/\" title=\"Read Sortida Museu de la M\u00e0gia\">Llegeix m\u00e9s\u00bb<\/a><\/p>\n","protected":false},"author":4,"featured_media":0,"comment_status":"closed","ping_status":"closed","sticky":false,"template":"","format":"standard","meta":{"_bbp_topic_count":0,"_bbp_reply_count":0,"_bbp_total_topic_count":0,"_bbp_total_reply_count":0,"_bbp_voice_count":0,"_bbp_anonymous_reply_count":0,"_bbp_topic_count_hidden":0,"_bbp_reply_count_hidden":0,"_bbp_forum_subforum_count":0,"footnotes":""},"categories":[9,10],"tags":[],"class_list":["post-7184","post","type-post","status-publish","format-standard","hentry","category-2n","category-3r"],"post_mailing_queue_ids":[],"_links":{"self":[{"href":"https:\/\/agora.xtec.cat\/ceiptorresjonama\/wp-json\/wp\/v2\/posts\/7184","targetHints":{"allow":["GET"]}}],"collection":[{"href":"https:\/\/agora.xtec.cat\/ceiptorresjonama\/wp-json\/wp\/v2\/posts"}],"about":[{"href":"https:\/\/agora.xtec.cat\/ceiptorresjonama\/wp-json\/wp\/v2\/types\/post"}],"author":[{"embeddable":true,"href":"https:\/\/agora.xtec.cat\/ceiptorresjonama\/wp-json\/wp\/v2\/users\/4"}],"replies":[{"embeddable":true,"href":"https:\/\/agora.xtec.cat\/ceiptorresjonama\/wp-json\/wp\/v2\/comments?post=7184"}],"version-history":[{"count":3,"href":"https:\/\/agora.xtec.cat\/ceiptorresjonama\/wp-json\/wp\/v2\/posts\/7184\/revisions"}],"predecessor-version":[{"id":7310,"href":"https:\/\/agora.xtec.cat\/ceiptorresjonama\/wp-json\/wp\/v2\/posts\/7184\/revisions\/7310"}],"wp:attachment":[{"href":"https:\/\/agora.xtec.cat\/ceiptorresjonama\/wp-json\/wp\/v2\/media?parent=7184"}],"wp:term":[{"taxonomy":"category","embeddable":true,"href":"https:\/\/agora.xtec.cat\/ceiptorresjonama\/wp-json\/wp\/v2\/categories?post=7184"},{"taxonomy":"post_tag","embeddable":true,"href":"https:\/\/agora.xtec.cat\/ceiptorresjonama\/wp-json\/wp\/v2\/tags?post=7184"}],"curies":[{"name":"wp","href":"https:\/\/api.w.org\/{rel}","templated":true}]}}