{"id":6976,"date":"2022-04-06T23:58:14","date_gmt":"2022-04-06T21:58:14","guid":{"rendered":"https:\/\/agora.xtec.cat\/ceiptorresjonama\/?p=6976"},"modified":"2022-04-06T23:58:14","modified_gmt":"2022-04-06T21:58:14","slug":"excursio-educacio-infantil-a-la-bisbal","status":"publish","type":"post","link":"https:\/\/agora.xtec.cat\/ceiptorresjonama\/infantil\/excursio-educacio-infantil-a-la-bisbal\/","title":{"rendered":"Excursi\u00f3 Educaci\u00f3 Infantil a La Bisbal"},"content":{"rendered":"<p style=\"text-align: justify\">Dimecres dia 6 d&#8217;abril ens aixequem ben r\u00e0pid i cap a l&#8217;escola! Despr\u00e9s de molt de temps sense fer cap excursi\u00f3 en autocar, avui hem anat a La Bisbal d&#8217;Empord\u00e0 a veure el castell, a descobrir com vivien i com era la vila La Bisbal a l&#8217;\u00e8poca medieval.\u00a0 Per arrodonir el dia hem anat a dinar i a jugar al Parc 8 de mar\u00e7.<\/p>\n<p style=\"text-align: justify\">Ens ho hem passat molt b\u00e9!!!<\/p>\n<p style=\"text-align: justify\">Hem fet moltes fotos que segur que us agradaran.<\/p>\n<p style=\"text-align: justify\">Cliqueu aquesta i les podreu veure totes.<\/p>\n<p><a href=\"https:\/\/photos.app.goo.gl\/YrAV91HmgmaFohfz5\"><img loading=\"lazy\" decoding=\"async\" class=\"aligncenter wp-image-6979\" src=\"https:\/\/agora.xtec.cat\/ceiptorresjonama\/wp-content\/uploads\/usu279\/2022\/04\/WhatsApp-Image-2022-04-06-at-20.15.57-766x1024.jpeg\" alt=\"\" width=\"191\" height=\"255\" srcset=\"https:\/\/agora.xtec.cat\/ceiptorresjonama\/wp-content\/uploads\/usu279\/2022\/04\/WhatsApp-Image-2022-04-06-at-20.15.57-766x1024.jpeg 766w, https:\/\/agora.xtec.cat\/ceiptorresjonama\/wp-content\/uploads\/usu279\/2022\/04\/WhatsApp-Image-2022-04-06-at-20.15.57-224x300.jpeg 224w, https:\/\/agora.xtec.cat\/ceiptorresjonama\/wp-content\/uploads\/usu279\/2022\/04\/WhatsApp-Image-2022-04-06-at-20.15.57-768x1027.jpeg 768w, https:\/\/agora.xtec.cat\/ceiptorresjonama\/wp-content\/uploads\/usu279\/2022\/04\/WhatsApp-Image-2022-04-06-at-20.15.57-1149x1536.jpeg 1149w, https:\/\/agora.xtec.cat\/ceiptorresjonama\/wp-content\/uploads\/usu279\/2022\/04\/WhatsApp-Image-2022-04-06-at-20.15.57.jpeg 1496w\" sizes=\"auto, (max-width: 191px) 100vw, 191px\" \/><\/a><\/p>\n","protected":false},"excerpt":{"rendered":"<p>Dimecres dia 6 d&#8217;abril ens aixequem ben r\u00e0pid i cap a l&#8217;escola! Despr\u00e9s de molt de temps sense fer cap excursi\u00f3 en autocar, avui hem anat a La Bisbal d&#8217;Empord\u00e0 a veure el castell, a descobrir com vivien i com era la vila La Bisbal&hellip;  <a href=\"https:\/\/agora.xtec.cat\/ceiptorresjonama\/infantil\/excursio-educacio-infantil-a-la-bisbal\/\" title=\"Read Excursi\u00f3 Educaci\u00f3 Infantil a La Bisbal\">Llegeix m\u00e9s\u00bb<\/a><\/p>\n","protected":false},"author":4,"featured_media":0,"comment_status":"closed","ping_status":"closed","sticky":false,"template":"","format":"standard","meta":{"_bbp_topic_count":0,"_bbp_reply_count":0,"_bbp_total_topic_count":0,"_bbp_total_reply_count":0,"_bbp_voice_count":0,"_bbp_anonymous_reply_count":0,"_bbp_topic_count_hidden":0,"_bbp_reply_count_hidden":0,"_bbp_forum_subforum_count":0,"footnotes":""},"categories":[2],"tags":[],"class_list":["post-6976","post","type-post","status-publish","format-standard","hentry","category-infantil"],"post_mailing_queue_ids":[],"_links":{"self":[{"href":"https:\/\/agora.xtec.cat\/ceiptorresjonama\/wp-json\/wp\/v2\/posts\/6976","targetHints":{"allow":["GET"]}}],"collection":[{"href":"https:\/\/agora.xtec.cat\/ceiptorresjonama\/wp-json\/wp\/v2\/posts"}],"about":[{"href":"https:\/\/agora.xtec.cat\/ceiptorresjonama\/wp-json\/wp\/v2\/types\/post"}],"author":[{"embeddable":true,"href":"https:\/\/agora.xtec.cat\/ceiptorresjonama\/wp-json\/wp\/v2\/users\/4"}],"replies":[{"embeddable":true,"href":"https:\/\/agora.xtec.cat\/ceiptorresjonama\/wp-json\/wp\/v2\/comments?post=6976"}],"version-history":[{"count":2,"href":"https:\/\/agora.xtec.cat\/ceiptorresjonama\/wp-json\/wp\/v2\/posts\/6976\/revisions"}],"predecessor-version":[{"id":6981,"href":"https:\/\/agora.xtec.cat\/ceiptorresjonama\/wp-json\/wp\/v2\/posts\/6976\/revisions\/6981"}],"wp:attachment":[{"href":"https:\/\/agora.xtec.cat\/ceiptorresjonama\/wp-json\/wp\/v2\/media?parent=6976"}],"wp:term":[{"taxonomy":"category","embeddable":true,"href":"https:\/\/agora.xtec.cat\/ceiptorresjonama\/wp-json\/wp\/v2\/categories?post=6976"},{"taxonomy":"post_tag","embeddable":true,"href":"https:\/\/agora.xtec.cat\/ceiptorresjonama\/wp-json\/wp\/v2\/tags?post=6976"}],"curies":[{"name":"wp","href":"https:\/\/api.w.org\/{rel}","templated":true}]}}