{"id":6957,"date":"2022-04-03T17:33:16","date_gmt":"2022-04-03T15:33:16","guid":{"rendered":"https:\/\/agora.xtec.cat\/ceiptorresjonama\/?p=6957"},"modified":"2022-04-03T17:33:16","modified_gmt":"2022-04-03T15:33:16","slug":"laire-i-el-buit","status":"publish","type":"post","link":"https:\/\/agora.xtec.cat\/ceiptorresjonama\/primaria\/4t\/laire-i-el-buit\/","title":{"rendered":"L\u2019AIRE I EL BUIT"},"content":{"rendered":"<p>El CRP del Baix Empord\u00e0 va crear un projecte col\u00b7laboratiu d\u2019aula entre alumnes de 1r i 2n d\u2019ESO i alumnes de CS i CM de prim\u00e0ria, relacionat amb la meteorologia, en motiu del centenari del naixement del Servei Meteorol\u00f2gic de Catalunya (mar\u00e7 1921).<\/p>\n<p>Els alumnes de 1r i 2n d\u2019ESO de l\u2019INS Nou de Palafrugell i l\u2019INS Sant Feliu de Gu\u00edxols ens van presentar diversos experiments meteorol\u00f2gics.<\/p>\n<p>Els alumnes de <strong>3r <\/strong>vam participar amb l\u2019experiment: <strong>L\u2019aire i el buit.<\/strong><\/p>\n<p>La cloenda d\u2019aquest projecte es va fer el passat <strong>22 de mar\u00e7<\/strong> \u00a0amb la presentaci\u00f3 dels Experiments Meteorol\u00f2gics, i vam gaudir de la xerrada virtual a c\u00e0rrec d\u2019en <strong>Josep Pascual<\/strong> (enginyer conegut per les seves informacions meteorol\u00f2giques a TV3 i encarregat de l\u2019estaci\u00f3 meteorol\u00f2gica de l\u2019Estartit).<\/p>\n<p>Aqu\u00ed teniu una petita mostra.<\/p>\n<p style=\"text-align: center\"><span style=\"color: #0000ff\"><em>Clica la imatge per veure\u00a0l\u2019\u00e0lbum<\/em><\/span><\/p>\n<p><a href=\"https:\/\/photos.google.com\/share\/AF1QipNK_XClM5Cu1mAFaob1lv_SPyOJEdMKvusczNlpm7b-UwUi27O7ZkqGEAoP5dG27A?key=ZFQwenRMM2t5S2ozUVBnVHV5NHVqZXZzSFdsZmh3\" target=\"_blank\" rel=\"noopener\"><img loading=\"lazy\" decoding=\"async\" class=\"aligncenter\" src=\"https:\/\/lh3.googleusercontent.com\/pw\/AM-JKLW0SYZdHTNo6A3d5Lw5rx9HdyYGOjIPROB4NgCo8OwB7bI8Mlr2HbX2KA-bh7uICViZ-lQVBVDiHxhhnWU7gTHjF1FFH4fzLcuWC-XeZdnpZtf2zzgdRQVFSry_00lSbte5C4t5wv1Xw0Lu9GRus8ab=w1878-h937-no?authuser=0\" width=\"490\" height=\"244\" \/><\/a><\/p>\n","protected":false},"excerpt":{"rendered":"<p>El CRP del Baix Empord\u00e0 va crear un projecte col\u00b7laboratiu d\u2019aula entre alumnes de 1r i 2n d\u2019ESO i alumnes de CS i CM de prim\u00e0ria, relacionat amb la meteorologia, en motiu del centenari del naixement del Servei Meteorol\u00f2gic de Catalunya (mar\u00e7 1921).<br \/>\nEls alumnes de&hellip;  <a href=\"https:\/\/agora.xtec.cat\/ceiptorresjonama\/primaria\/4t\/laire-i-el-buit\/\" title=\"Read L\u2019AIRE I EL BUIT\">Llegeix m\u00e9s\u00bb<\/a><\/p>\n","protected":false},"author":4,"featured_media":0,"comment_status":"closed","ping_status":"closed","sticky":false,"template":"","format":"standard","meta":{"_bbp_topic_count":0,"_bbp_reply_count":0,"_bbp_total_topic_count":0,"_bbp_total_reply_count":0,"_bbp_voice_count":0,"_bbp_anonymous_reply_count":0,"_bbp_topic_count_hidden":0,"_bbp_reply_count_hidden":0,"_bbp_forum_subforum_count":0,"footnotes":""},"categories":[11],"tags":[],"class_list":["post-6957","post","type-post","status-publish","format-standard","hentry","category-4t"],"post_mailing_queue_ids":[],"_links":{"self":[{"href":"https:\/\/agora.xtec.cat\/ceiptorresjonama\/wp-json\/wp\/v2\/posts\/6957","targetHints":{"allow":["GET"]}}],"collection":[{"href":"https:\/\/agora.xtec.cat\/ceiptorresjonama\/wp-json\/wp\/v2\/posts"}],"about":[{"href":"https:\/\/agora.xtec.cat\/ceiptorresjonama\/wp-json\/wp\/v2\/types\/post"}],"author":[{"embeddable":true,"href":"https:\/\/agora.xtec.cat\/ceiptorresjonama\/wp-json\/wp\/v2\/users\/4"}],"replies":[{"embeddable":true,"href":"https:\/\/agora.xtec.cat\/ceiptorresjonama\/wp-json\/wp\/v2\/comments?post=6957"}],"version-history":[{"count":1,"href":"https:\/\/agora.xtec.cat\/ceiptorresjonama\/wp-json\/wp\/v2\/posts\/6957\/revisions"}],"predecessor-version":[{"id":6958,"href":"https:\/\/agora.xtec.cat\/ceiptorresjonama\/wp-json\/wp\/v2\/posts\/6957\/revisions\/6958"}],"wp:attachment":[{"href":"https:\/\/agora.xtec.cat\/ceiptorresjonama\/wp-json\/wp\/v2\/media?parent=6957"}],"wp:term":[{"taxonomy":"category","embeddable":true,"href":"https:\/\/agora.xtec.cat\/ceiptorresjonama\/wp-json\/wp\/v2\/categories?post=6957"},{"taxonomy":"post_tag","embeddable":true,"href":"https:\/\/agora.xtec.cat\/ceiptorresjonama\/wp-json\/wp\/v2\/tags?post=6957"}],"curies":[{"name":"wp","href":"https:\/\/api.w.org\/{rel}","templated":true}]}}