{"id":6948,"date":"2022-04-03T13:56:28","date_gmt":"2022-04-03T11:56:28","guid":{"rendered":"https:\/\/agora.xtec.cat\/ceiptorresjonama\/?p=6948"},"modified":"2022-04-03T17:22:53","modified_gmt":"2022-04-03T15:22:53","slug":"construim-un-termometre-casola","status":"publish","type":"post","link":"https:\/\/agora.xtec.cat\/ceiptorresjonama\/primaria\/6e\/construim-un-termometre-casola\/","title":{"rendered":"Constru\u00efm un term\u00f2metre casol\u00e0"},"content":{"rendered":"<p>El CRP del Baix Empord\u00e0 va crear un projecte col\u00b7laboratiu d\u2019aula entre alumnes de 1r i 2n d\u2019ESO i alumnes de CS i CM de prim\u00e0ria, relacionat amb la meteorologia, en motiu del centenari del naixement del Servei Meteorol\u00f2gic de Catalunya (mar\u00e7 1921).<\/p>\n<p>Els alumnes de 1r i 2n d\u2019ESO de l\u2019INS Nou de Palafrugell i l\u2019INS Sant Feliu de Gu\u00edxols ens van presentar diversos experiments meteorol\u00f2gics.<\/p>\n<p>Els alumnes de <strong>5\u00e8<\/strong> vam participar amb l\u2019experiment: <strong>Constru\u00efm un term\u00f2metre casol\u00e0.<\/strong><\/p>\n<p>La cloenda d\u2019aquest projecte es va fer el passat <strong>22 de mar\u00e7<\/strong> \u00a0amb la presentaci\u00f3 dels Experiments Meteorol\u00f2gics, i vam gaudir de la xerrada virtual a c\u00e0rrec d\u2019en <strong>Josep Pascual<\/strong> (enginyer conegut per les seves informacions meteorol\u00f2giques a TV3 i encarregat de l\u2019estaci\u00f3 meteorol\u00f2gica de l\u2019Estartit).<\/p>\n<p>Aqu\u00ed teniu una petita mostra.<\/p>\n<p style=\"text-align: center\"><em><span style=\"color: #0000ff\">Clica la imatge per veure\u00a0l&#8217;\u00e0lbum<\/span><\/em><\/p>\n<p style=\"text-align: center\"><a href=\"https:\/\/photos.google.com\/share\/AF1QipMCs3TdoaFIwuIRg10FoDJT9xCnkwRppgfanfTRVKRiEuRZSsk47folax7btrIVag?key=TUk3Skl3N2w0b3FnMjloSjdacFJtMXZwZ1I1QU53\" target=\"_blank\" rel=\"noopener\"><img loading=\"lazy\" decoding=\"async\" class=\"aligncenter\" src=\"https:\/\/lh3.googleusercontent.com\/pw\/AM-JKLVWg-7ambAYDkd128Mont-qW4TpvwrWwD6XUFN5up1z1AjdA6MJ85mFbm_tU-Z0kFVTaFfUxkkLJ_H2nD3sPuWaF6HTBjn59sKZ_L4FUIxquuKOOvn5sn8Arbv-aYtcglp6t0bPH781SCS-7GrRX5TH=w703-h937-no?authuser=0\" width=\"196\" height=\"261\" \/><\/a><\/p>\n","protected":false},"excerpt":{"rendered":"<p>El CRP del Baix Empord\u00e0 va crear un projecte col\u00b7laboratiu d\u2019aula entre alumnes de 1r i 2n d\u2019ESO i alumnes de CS i CM de prim\u00e0ria, relacionat amb la meteorologia, en motiu del centenari del naixement del Servei Meteorol\u00f2gic de Catalunya (mar\u00e7 1921).<br \/>\nEls alumnes de&hellip;  <a href=\"https:\/\/agora.xtec.cat\/ceiptorresjonama\/primaria\/6e\/construim-un-termometre-casola\/\" title=\"Read Constru\u00efm un term\u00f2metre casol\u00e0\">Llegeix m\u00e9s\u00bb<\/a><\/p>\n","protected":false},"author":4,"featured_media":0,"comment_status":"closed","ping_status":"closed","sticky":false,"template":"","format":"standard","meta":{"_bbp_topic_count":0,"_bbp_reply_count":0,"_bbp_total_topic_count":0,"_bbp_total_reply_count":0,"_bbp_voice_count":0,"_bbp_anonymous_reply_count":0,"_bbp_topic_count_hidden":0,"_bbp_reply_count_hidden":0,"_bbp_forum_subforum_count":0,"footnotes":""},"categories":[13],"tags":[],"class_list":["post-6948","post","type-post","status-publish","format-standard","hentry","category-6e"],"post_mailing_queue_ids":[],"_links":{"self":[{"href":"https:\/\/agora.xtec.cat\/ceiptorresjonama\/wp-json\/wp\/v2\/posts\/6948","targetHints":{"allow":["GET"]}}],"collection":[{"href":"https:\/\/agora.xtec.cat\/ceiptorresjonama\/wp-json\/wp\/v2\/posts"}],"about":[{"href":"https:\/\/agora.xtec.cat\/ceiptorresjonama\/wp-json\/wp\/v2\/types\/post"}],"author":[{"embeddable":true,"href":"https:\/\/agora.xtec.cat\/ceiptorresjonama\/wp-json\/wp\/v2\/users\/4"}],"replies":[{"embeddable":true,"href":"https:\/\/agora.xtec.cat\/ceiptorresjonama\/wp-json\/wp\/v2\/comments?post=6948"}],"version-history":[{"count":3,"href":"https:\/\/agora.xtec.cat\/ceiptorresjonama\/wp-json\/wp\/v2\/posts\/6948\/revisions"}],"predecessor-version":[{"id":6956,"href":"https:\/\/agora.xtec.cat\/ceiptorresjonama\/wp-json\/wp\/v2\/posts\/6948\/revisions\/6956"}],"wp:attachment":[{"href":"https:\/\/agora.xtec.cat\/ceiptorresjonama\/wp-json\/wp\/v2\/media?parent=6948"}],"wp:term":[{"taxonomy":"category","embeddable":true,"href":"https:\/\/agora.xtec.cat\/ceiptorresjonama\/wp-json\/wp\/v2\/categories?post=6948"},{"taxonomy":"post_tag","embeddable":true,"href":"https:\/\/agora.xtec.cat\/ceiptorresjonama\/wp-json\/wp\/v2\/tags?post=6948"}],"curies":[{"name":"wp","href":"https:\/\/api.w.org\/{rel}","templated":true}]}}