{"id":6890,"date":"2022-03-10T11:03:47","date_gmt":"2022-03-10T10:03:47","guid":{"rendered":"https:\/\/agora.xtec.cat\/ceiptorresjonama\/?p=6890"},"modified":"2022-03-10T11:04:36","modified_gmt":"2022-03-10T10:04:36","slug":"un-mon-sense-resta","status":"publish","type":"post","link":"https:\/\/agora.xtec.cat\/ceiptorresjonama\/general\/un-mon-sense-resta\/","title":{"rendered":"UN M\u00d3N SENSE RESTA"},"content":{"rendered":"<h5 style=\"text-align: center\"><span style=\"color: #339966\"><strong>Un m\u00f3n sense resta<\/strong><\/span><\/h5>\n<p>&nbsp;<\/p>\n<p style=\"text-align: justify\">El passat 7 de mar\u00e7 els alumnes del cicle mitj\u00e0 vam realitzar el Taller \u201cUn m\u00f3n sense resta\u201d proposat des de l&#8217;\u00c0rea de sostenibilitat i acci\u00f3 clim\u00e0tica del Consell Comarcal del Baix Empord\u00e0.<\/p>\n<p style=\"text-align: justify\">Hem apr\u00e8s que un\u00a0gest molt senzill (reciclar) pot ser el motor del canvi.<\/p>\n<p style=\"text-align: justify\">Amb aquest taller ens hem adonat de l&#8217;impacte al planeta de les nostres accions quotidianes i que la major part dels residus que generem es poden prevenir, reutilitzar o reciclar.<\/p>\n<p style=\"text-align: justify\">Ens ha agradat molt\u00edssim ara ens toca posar-ho en pr\u00e0ctica!<\/p>\n<p style=\"text-align: justify\">Aqu\u00ed teniu amb imatges una petita mostra del taller.<\/p>\n<p><a href=\"https:\/\/photos.app.goo.gl\/axzNHgv3nmHxjhof6\" target=\"_blank\" rel=\"noopener\"><img loading=\"lazy\" decoding=\"async\" class=\"aligncenter\" src=\"https:\/\/lh3.googleusercontent.com\/pw\/AM-JKLVH8njDF_bLfkEZ2dLSuyO59AecmMG6gOvSI_5ALe7Fzgm3pbqJpRHvtCABfTzultoAOsXowgA5nOhOIg8bqvDsx65ov_thndb3Yz_MKYQYTO4ZZ70s9fBNWoC0su2IoIHe7cQ90TOVD3O2YOwwO1s7=w1574-h937-no\" width=\"438\" height=\"261\" \/><br \/>\n<\/a><\/p>\n<p style=\"text-align: center\">(clicant a la foto accedireu a l\u2019\u00e0lbum)<\/p>\n","protected":false},"excerpt":{"rendered":"<p>Un m\u00f3n sense resta<br \/>\n&nbsp;<br \/>\nEl passat 7 de mar\u00e7 els alumnes del cicle mitj\u00e0 vam realitzar el Taller \u201cUn m\u00f3n sense resta\u201d proposat des de l&#8217;\u00c0rea de sostenibilitat i acci\u00f3 clim\u00e0tica del Consell Comarcal del Baix Empord\u00e0.<br \/>\nHem apr\u00e8s que un\u00a0gest molt senzill (reciclar) pot ser el&hellip;  <a href=\"https:\/\/agora.xtec.cat\/ceiptorresjonama\/general\/un-mon-sense-resta\/\" title=\"Read UN M\u00d3N SENSE RESTA\">Llegeix m\u00e9s\u00bb<\/a><\/p>\n","protected":false},"author":4,"featured_media":0,"comment_status":"closed","ping_status":"closed","sticky":false,"template":"","format":"standard","meta":{"_bbp_topic_count":0,"_bbp_reply_count":0,"_bbp_total_topic_count":0,"_bbp_total_reply_count":0,"_bbp_voice_count":0,"_bbp_anonymous_reply_count":0,"_bbp_topic_count_hidden":0,"_bbp_reply_count_hidden":0,"_bbp_forum_subforum_count":0,"footnotes":""},"categories":[11,12,1],"tags":[],"class_list":["post-6890","post","type-post","status-publish","format-standard","hentry","category-4t","category-5e","category-general"],"post_mailing_queue_ids":[],"_links":{"self":[{"href":"https:\/\/agora.xtec.cat\/ceiptorresjonama\/wp-json\/wp\/v2\/posts\/6890","targetHints":{"allow":["GET"]}}],"collection":[{"href":"https:\/\/agora.xtec.cat\/ceiptorresjonama\/wp-json\/wp\/v2\/posts"}],"about":[{"href":"https:\/\/agora.xtec.cat\/ceiptorresjonama\/wp-json\/wp\/v2\/types\/post"}],"author":[{"embeddable":true,"href":"https:\/\/agora.xtec.cat\/ceiptorresjonama\/wp-json\/wp\/v2\/users\/4"}],"replies":[{"embeddable":true,"href":"https:\/\/agora.xtec.cat\/ceiptorresjonama\/wp-json\/wp\/v2\/comments?post=6890"}],"version-history":[{"count":3,"href":"https:\/\/agora.xtec.cat\/ceiptorresjonama\/wp-json\/wp\/v2\/posts\/6890\/revisions"}],"predecessor-version":[{"id":6896,"href":"https:\/\/agora.xtec.cat\/ceiptorresjonama\/wp-json\/wp\/v2\/posts\/6890\/revisions\/6896"}],"wp:attachment":[{"href":"https:\/\/agora.xtec.cat\/ceiptorresjonama\/wp-json\/wp\/v2\/media?parent=6890"}],"wp:term":[{"taxonomy":"category","embeddable":true,"href":"https:\/\/agora.xtec.cat\/ceiptorresjonama\/wp-json\/wp\/v2\/categories?post=6890"},{"taxonomy":"post_tag","embeddable":true,"href":"https:\/\/agora.xtec.cat\/ceiptorresjonama\/wp-json\/wp\/v2\/tags?post=6890"}],"curies":[{"name":"wp","href":"https:\/\/api.w.org\/{rel}","templated":true}]}}