{"id":6881,"date":"2022-03-09T13:36:53","date_gmt":"2022-03-09T12:36:53","guid":{"rendered":"https:\/\/agora.xtec.cat\/ceiptorresjonama\/?p=6881"},"modified":"2023-04-08T12:07:13","modified_gmt":"2023-04-08T10:07:13","slug":"dia-internacional-de-la-dona","status":"publish","type":"post","link":"https:\/\/agora.xtec.cat\/ceiptorresjonama\/general\/dia-internacional-de-la-dona\/","title":{"rendered":"Dia Internacional de la Dona"},"content":{"rendered":"<p>El dia 8 de mar\u00e7 hem celebrat i reivindicat el Dia Internacional de la Dona. A la poblaci\u00f3 de Mont-ras hi ha molts carrers, parcs i places que tenen el nom d&#8217;una dona rellevant per la seva contribuci\u00f3 a la humanitat. L&#8217;escola va decidir crear un projecte on cada classe ha col\u00b7locat (el 8 de mar\u00e7) en alguns d&#8217;aquests indrets una placa amb codi QR explicant la biografia d&#8217;aquesta dona.<\/p>\n<p>En el seg\u00fcent mapa de Mont-ras podeu visualitzar els cartells que ha col\u00b7locat l&#8217;alumnat de la nostra escola. Animem a les fam\u00edlies que hi passeu i que amb els vostres m\u00f2bils escanegeu el codi QR per saber-ne m\u00e9s de totes aquestes dones.<\/p>\n<p style=\"text-align: center;\">Clica a la imatge per veure les fotografies<\/p>\n<p><a href=\"https:\/\/photos.app.goo.gl\/3seuctMGbFXxPDRe9\" target=\"_blank\" rel=\"noopener\"><img loading=\"lazy\" decoding=\"async\" class=\"aligncenter wp-image-6886\" src=\"https:\/\/agora.xtec.cat\/ceiptorresjonama\/wp-content\/uploads\/usu279\/2022\/03\/Planol.jpeg\" alt=\"\" width=\"846\" height=\"810\" srcset=\"https:\/\/agora.xtec.cat\/ceiptorresjonama\/wp-content\/uploads\/usu279\/2022\/03\/Planol.jpeg 2048w, https:\/\/agora.xtec.cat\/ceiptorresjonama\/wp-content\/uploads\/usu279\/2022\/03\/Planol-300x287.jpeg 300w, https:\/\/agora.xtec.cat\/ceiptorresjonama\/wp-content\/uploads\/usu279\/2022\/03\/Planol-1024x981.jpeg 1024w, https:\/\/agora.xtec.cat\/ceiptorresjonama\/wp-content\/uploads\/usu279\/2022\/03\/Planol-768x736.jpeg 768w, https:\/\/agora.xtec.cat\/ceiptorresjonama\/wp-content\/uploads\/usu279\/2022\/03\/Planol-1536x1472.jpeg 1536w\" sizes=\"auto, (max-width: 846px) 100vw, 846px\" \/><\/a><\/p>\n<p>&nbsp;<\/p>\n<p>&nbsp;<\/p>\n","protected":false},"excerpt":{"rendered":"<p>El dia 8 de mar\u00e7 hem celebrat i reivindicat el Dia Internacional de la Dona. A la poblaci\u00f3 de Mont-ras hi ha molts carrers, parcs i places que tenen el nom d&#8217;una dona rellevant per la seva contribuci\u00f3 a la humanitat. L&#8217;escola va decidir crear&hellip;  <a href=\"https:\/\/agora.xtec.cat\/ceiptorresjonama\/general\/dia-internacional-de-la-dona\/\" title=\"Read Dia Internacional de la Dona\">Llegeix m\u00e9s\u00bb<\/a><\/p>\n","protected":false},"author":3,"featured_media":0,"comment_status":"closed","ping_status":"closed","sticky":false,"template":"","format":"standard","meta":{"_bbp_topic_count":0,"_bbp_reply_count":0,"_bbp_total_topic_count":0,"_bbp_total_reply_count":0,"_bbp_voice_count":0,"_bbp_anonymous_reply_count":0,"_bbp_topic_count_hidden":0,"_bbp_reply_count_hidden":0,"_bbp_forum_subforum_count":0,"footnotes":""},"categories":[8,9,10,11,12,13,14,1,71,3,4],"tags":[],"class_list":["post-6881","post","type-post","status-publish","format-standard","hentry","category-1r","category-2n","category-3r","category-4t","category-5e","category-6e","category-6e-22-23","category-general","category-i4a","category-i5","category-portada"],"post_mailing_queue_ids":[],"_links":{"self":[{"href":"https:\/\/agora.xtec.cat\/ceiptorresjonama\/wp-json\/wp\/v2\/posts\/6881","targetHints":{"allow":["GET"]}}],"collection":[{"href":"https:\/\/agora.xtec.cat\/ceiptorresjonama\/wp-json\/wp\/v2\/posts"}],"about":[{"href":"https:\/\/agora.xtec.cat\/ceiptorresjonama\/wp-json\/wp\/v2\/types\/post"}],"author":[{"embeddable":true,"href":"https:\/\/agora.xtec.cat\/ceiptorresjonama\/wp-json\/wp\/v2\/users\/3"}],"replies":[{"embeddable":true,"href":"https:\/\/agora.xtec.cat\/ceiptorresjonama\/wp-json\/wp\/v2\/comments?post=6881"}],"version-history":[{"count":3,"href":"https:\/\/agora.xtec.cat\/ceiptorresjonama\/wp-json\/wp\/v2\/posts\/6881\/revisions"}],"predecessor-version":[{"id":7887,"href":"https:\/\/agora.xtec.cat\/ceiptorresjonama\/wp-json\/wp\/v2\/posts\/6881\/revisions\/7887"}],"wp:attachment":[{"href":"https:\/\/agora.xtec.cat\/ceiptorresjonama\/wp-json\/wp\/v2\/media?parent=6881"}],"wp:term":[{"taxonomy":"category","embeddable":true,"href":"https:\/\/agora.xtec.cat\/ceiptorresjonama\/wp-json\/wp\/v2\/categories?post=6881"},{"taxonomy":"post_tag","embeddable":true,"href":"https:\/\/agora.xtec.cat\/ceiptorresjonama\/wp-json\/wp\/v2\/tags?post=6881"}],"curies":[{"name":"wp","href":"https:\/\/api.w.org\/{rel}","templated":true}]}}