{"id":6874,"date":"2022-03-04T10:22:43","date_gmt":"2022-03-04T09:22:43","guid":{"rendered":"https:\/\/agora.xtec.cat\/ceiptorresjonama\/?p=6874"},"modified":"2022-03-10T11:05:22","modified_gmt":"2022-03-10T10:05:22","slug":"visita-museu-dali","status":"publish","type":"post","link":"https:\/\/agora.xtec.cat\/ceiptorresjonama\/general\/visita-museu-dali\/","title":{"rendered":"VISITA MUSEU DAL\u00cd"},"content":{"rendered":"<p>Les nenes i nens de cicle mitj\u00e0 hem visitat el Teatre-Museu Dal\u00ed de Figueres. Les guies ens van explicar moltes coses sobre Salvador Dal\u00ed i la seva dona Gala. Ens va agradar molt\u00edssim tot el que vam veure i ens van explicar. Sab\u00edeu que plou a dins del Cadillac negre?<\/p>\n<p style=\"text-align: center\">( cliqueu a la foto per accedir a l&#8217;\u00e0lbum)<\/p>\n<p><a href=\"https:\/\/photos.app.goo.gl\/faSSZApWDg515gYQ9\"><img loading=\"lazy\" decoding=\"async\" class=\"aligncenter size-full wp-image-6875\" src=\"https:\/\/agora.xtec.cat\/ceiptorresjonama\/wp-content\/uploads\/usu279\/2022\/03\/IMG_7102.jpg\" alt=\"\" width=\"640\" height=\"480\" srcset=\"https:\/\/agora.xtec.cat\/ceiptorresjonama\/wp-content\/uploads\/usu279\/2022\/03\/IMG_7102.jpg 640w, https:\/\/agora.xtec.cat\/ceiptorresjonama\/wp-content\/uploads\/usu279\/2022\/03\/IMG_7102-300x225.jpg 300w, https:\/\/agora.xtec.cat\/ceiptorresjonama\/wp-content\/uploads\/usu279\/2022\/03\/IMG_7102-200x150.jpg 200w\" sizes=\"auto, (max-width: 640px) 100vw, 640px\" \/><\/a><\/p>\n","protected":false},"excerpt":{"rendered":"<p>Les nenes i nens de cicle mitj\u00e0 hem visitat el Teatre-Museu Dal\u00ed de Figueres. Les guies ens van explicar moltes coses sobre Salvador Dal\u00ed i la seva dona Gala. Ens va agradar molt\u00edssim tot el que vam veure i ens van explicar. Sab\u00edeu que plou&hellip;  <a href=\"https:\/\/agora.xtec.cat\/ceiptorresjonama\/general\/visita-museu-dali\/\" title=\"Read VISITA MUSEU DAL\u00cd\">Llegeix m\u00e9s\u00bb<\/a><\/p>\n","protected":false},"author":4,"featured_media":6875,"comment_status":"open","ping_status":"closed","sticky":false,"template":"","format":"standard","meta":{"_bbp_topic_count":0,"_bbp_reply_count":0,"_bbp_total_topic_count":0,"_bbp_total_reply_count":0,"_bbp_voice_count":0,"_bbp_anonymous_reply_count":0,"_bbp_topic_count_hidden":0,"_bbp_reply_count_hidden":0,"_bbp_forum_subforum_count":0,"footnotes":""},"categories":[1],"tags":[],"class_list":["post-6874","post","type-post","status-publish","format-standard","has-post-thumbnail","hentry","category-general"],"post_mailing_queue_ids":[],"_links":{"self":[{"href":"https:\/\/agora.xtec.cat\/ceiptorresjonama\/wp-json\/wp\/v2\/posts\/6874","targetHints":{"allow":["GET"]}}],"collection":[{"href":"https:\/\/agora.xtec.cat\/ceiptorresjonama\/wp-json\/wp\/v2\/posts"}],"about":[{"href":"https:\/\/agora.xtec.cat\/ceiptorresjonama\/wp-json\/wp\/v2\/types\/post"}],"author":[{"embeddable":true,"href":"https:\/\/agora.xtec.cat\/ceiptorresjonama\/wp-json\/wp\/v2\/users\/4"}],"replies":[{"embeddable":true,"href":"https:\/\/agora.xtec.cat\/ceiptorresjonama\/wp-json\/wp\/v2\/comments?post=6874"}],"version-history":[{"count":2,"href":"https:\/\/agora.xtec.cat\/ceiptorresjonama\/wp-json\/wp\/v2\/posts\/6874\/revisions"}],"predecessor-version":[{"id":6877,"href":"https:\/\/agora.xtec.cat\/ceiptorresjonama\/wp-json\/wp\/v2\/posts\/6874\/revisions\/6877"}],"wp:featuredmedia":[{"embeddable":true,"href":"https:\/\/agora.xtec.cat\/ceiptorresjonama\/wp-json\/wp\/v2\/media\/6875"}],"wp:attachment":[{"href":"https:\/\/agora.xtec.cat\/ceiptorresjonama\/wp-json\/wp\/v2\/media?parent=6874"}],"wp:term":[{"taxonomy":"category","embeddable":true,"href":"https:\/\/agora.xtec.cat\/ceiptorresjonama\/wp-json\/wp\/v2\/categories?post=6874"},{"taxonomy":"post_tag","embeddable":true,"href":"https:\/\/agora.xtec.cat\/ceiptorresjonama\/wp-json\/wp\/v2\/tags?post=6874"}],"curies":[{"name":"wp","href":"https:\/\/api.w.org\/{rel}","templated":true}]}}