{"id":6723,"date":"2021-12-21T15:17:23","date_gmt":"2021-12-21T14:17:23","guid":{"rendered":"https:\/\/agora.xtec.cat\/ceiptorresjonama\/?p=6723"},"modified":"2021-12-21T15:17:23","modified_gmt":"2021-12-21T14:17:23","slug":"sortida-al-museu-del-suro","status":"publish","type":"post","link":"https:\/\/agora.xtec.cat\/ceiptorresjonama\/primaria\/6e-22-23\/sortida-al-museu-del-suro\/","title":{"rendered":"Sortida al Museu del suro"},"content":{"rendered":"<p>El passat dimecres 15 de desembre les nenes i els nens de 6\u00e8 vam anar a peu fins a Palafrugell, al Museu del suro.<\/p>\n<p>Ens van explicar d&#8217;on ve el suro i com es treballava fa m\u00e9s de 100 anys a Palafrugell. Tamb\u00e9 vam poder gaudir de les vistes des de dalt de tot de la torre del dip\u00f2sit de Can M\u00e0rio.<\/p>\n<p><a href=\"https:\/\/photos.app.goo.gl\/hniRjDhhyMyw4RDbA\">Si cliqueu a la foto en podreu veure l&#8217;\u00e0lbum sencer.<\/a><\/p>\n<p><a href=\"https:\/\/photos.app.goo.gl\/hniRjDhhyMyw4RDbA\"><img loading=\"lazy\" decoding=\"async\" class=\"aligncenter size-full wp-image-6724\" src=\"https:\/\/agora.xtec.cat\/ceiptorresjonama\/wp-content\/uploads\/usu279\/2021\/12\/20211215_113341-scaled.jpg\" alt=\"\" width=\"2560\" height=\"1244\" srcset=\"https:\/\/agora.xtec.cat\/ceiptorresjonama\/wp-content\/uploads\/usu279\/2021\/12\/20211215_113341-scaled.jpg 2560w, https:\/\/agora.xtec.cat\/ceiptorresjonama\/wp-content\/uploads\/usu279\/2021\/12\/20211215_113341-300x146.jpg 300w, https:\/\/agora.xtec.cat\/ceiptorresjonama\/wp-content\/uploads\/usu279\/2021\/12\/20211215_113341-1024x498.jpg 1024w, https:\/\/agora.xtec.cat\/ceiptorresjonama\/wp-content\/uploads\/usu279\/2021\/12\/20211215_113341-768x373.jpg 768w, https:\/\/agora.xtec.cat\/ceiptorresjonama\/wp-content\/uploads\/usu279\/2021\/12\/20211215_113341-1536x747.jpg 1536w, https:\/\/agora.xtec.cat\/ceiptorresjonama\/wp-content\/uploads\/usu279\/2021\/12\/20211215_113341-2048x996.jpg 2048w\" sizes=\"auto, (max-width: 2560px) 100vw, 2560px\" \/><\/a><\/p>\n","protected":false},"excerpt":{"rendered":"<p>El passat dimecres 15 de desembre les nenes i els nens de 6\u00e8 vam anar a peu fins a Palafrugell, al Museu del suro.<br \/>\nEns van explicar d&#8217;on ve el suro i com es treballava fa m\u00e9s de 100 anys a Palafrugell. Tamb\u00e9 vam poder gaudir&hellip;  <a href=\"https:\/\/agora.xtec.cat\/ceiptorresjonama\/primaria\/6e-22-23\/sortida-al-museu-del-suro\/\" title=\"Read Sortida al Museu del suro\">Llegeix m\u00e9s\u00bb<\/a><\/p>\n","protected":false},"author":4,"featured_media":6652,"comment_status":"closed","ping_status":"closed","sticky":false,"template":"","format":"standard","meta":{"_bbp_topic_count":0,"_bbp_reply_count":0,"_bbp_total_topic_count":0,"_bbp_total_reply_count":0,"_bbp_voice_count":0,"_bbp_anonymous_reply_count":0,"_bbp_topic_count_hidden":0,"_bbp_reply_count_hidden":0,"_bbp_forum_subforum_count":0,"footnotes":""},"categories":[14],"tags":[],"class_list":["post-6723","post","type-post","status-publish","format-standard","has-post-thumbnail","hentry","category-6e-22-23"],"post_mailing_queue_ids":[],"_links":{"self":[{"href":"https:\/\/agora.xtec.cat\/ceiptorresjonama\/wp-json\/wp\/v2\/posts\/6723","targetHints":{"allow":["GET"]}}],"collection":[{"href":"https:\/\/agora.xtec.cat\/ceiptorresjonama\/wp-json\/wp\/v2\/posts"}],"about":[{"href":"https:\/\/agora.xtec.cat\/ceiptorresjonama\/wp-json\/wp\/v2\/types\/post"}],"author":[{"embeddable":true,"href":"https:\/\/agora.xtec.cat\/ceiptorresjonama\/wp-json\/wp\/v2\/users\/4"}],"replies":[{"embeddable":true,"href":"https:\/\/agora.xtec.cat\/ceiptorresjonama\/wp-json\/wp\/v2\/comments?post=6723"}],"version-history":[{"count":1,"href":"https:\/\/agora.xtec.cat\/ceiptorresjonama\/wp-json\/wp\/v2\/posts\/6723\/revisions"}],"predecessor-version":[{"id":6725,"href":"https:\/\/agora.xtec.cat\/ceiptorresjonama\/wp-json\/wp\/v2\/posts\/6723\/revisions\/6725"}],"wp:featuredmedia":[{"embeddable":true,"href":"https:\/\/agora.xtec.cat\/ceiptorresjonama\/wp-json\/wp\/v2\/media\/6652"}],"wp:attachment":[{"href":"https:\/\/agora.xtec.cat\/ceiptorresjonama\/wp-json\/wp\/v2\/media?parent=6723"}],"wp:term":[{"taxonomy":"category","embeddable":true,"href":"https:\/\/agora.xtec.cat\/ceiptorresjonama\/wp-json\/wp\/v2\/categories?post=6723"},{"taxonomy":"post_tag","embeddable":true,"href":"https:\/\/agora.xtec.cat\/ceiptorresjonama\/wp-json\/wp\/v2\/tags?post=6723"}],"curies":[{"name":"wp","href":"https:\/\/api.w.org\/{rel}","templated":true}]}}