{"id":6637,"date":"2021-11-18T11:53:40","date_gmt":"2021-11-18T10:53:40","guid":{"rendered":"https:\/\/agora.xtec.cat\/ceiptorresjonama\/?p=6637"},"modified":"2021-11-18T11:56:08","modified_gmt":"2021-11-18T10:56:08","slug":"taller-de-consum-a-5e-2","status":"publish","type":"post","link":"https:\/\/agora.xtec.cat\/ceiptorresjonama\/primaria\/6e\/taller-de-consum-a-5e-2\/","title":{"rendered":"TALLER DE CONSUM A 5\u00e8"},"content":{"rendered":"<p>Els passat 28 d&#8217;octubre les nenes i els nens de 5\u00e8 van realitzar el taller <strong>&#8220;Quin \u00e9s el valor de l&#8217;energia que consumim?&#8221;<\/strong> organitzat per\u00a0 l&#8217;Ag\u00e8ncia Catalana de Consum.<\/p>\n<p>Vam aprendre que els estils de vida actuals dels joves i la seva relaci\u00f3 amb el consum van associats a una depend\u00e8ncia energ\u00e8tica, i com aquest depend\u00e8ncia \u00e9s diferent segons el lloc on es produeix.<\/p>\n<p style=\"text-align: center\" align=\"center\">( fent clic a la foto accedireu a l&#8217;\u00e0lbum)<\/p>\n<p align=\"center\"><a href=\"https:\/\/photos.app.goo.gl\/uzfgETxwjRb3MNGE7\"><img loading=\"lazy\" decoding=\"async\" class=\"aligncenter size-full wp-image-6639\" src=\"https:\/\/agora.xtec.cat\/ceiptorresjonama\/wp-content\/uploads\/usu279\/2021\/11\/valor_energia_256x256.jpg_2147148254.jpg\" alt=\"\" width=\"271\" height=\"271\" srcset=\"https:\/\/agora.xtec.cat\/ceiptorresjonama\/wp-content\/uploads\/usu279\/2021\/11\/valor_energia_256x256.jpg_2147148254.jpg 271w, https:\/\/agora.xtec.cat\/ceiptorresjonama\/wp-content\/uploads\/usu279\/2021\/11\/valor_energia_256x256.jpg_2147148254-150x150.jpg 150w\" sizes=\"auto, (max-width: 271px) 100vw, 271px\" \/><\/a><\/p>\n","protected":false},"excerpt":{"rendered":"<p>Els passat 28 d&#8217;octubre les nenes i els nens de 5\u00e8 van realitzar el taller &#8220;Quin \u00e9s el valor de l&#8217;energia que consumim?&#8221; organitzat per\u00a0 l&#8217;Ag\u00e8ncia Catalana de Consum.<br \/>\nVam aprendre que els estils de vida actuals dels joves i la seva relaci\u00f3 amb el consum&hellip;  <a href=\"https:\/\/agora.xtec.cat\/ceiptorresjonama\/primaria\/6e\/taller-de-consum-a-5e-2\/\" title=\"Read TALLER DE CONSUM A 5\u00e8\">Llegeix m\u00e9s\u00bb<\/a><\/p>\n","protected":false},"author":4,"featured_media":6639,"comment_status":"closed","ping_status":"closed","sticky":false,"template":"","format":"standard","meta":{"_bbp_topic_count":0,"_bbp_reply_count":0,"_bbp_total_topic_count":0,"_bbp_total_reply_count":0,"_bbp_voice_count":0,"_bbp_anonymous_reply_count":0,"_bbp_topic_count_hidden":0,"_bbp_reply_count_hidden":0,"_bbp_forum_subforum_count":0,"footnotes":""},"categories":[13],"tags":[],"class_list":["post-6637","post","type-post","status-publish","format-standard","has-post-thumbnail","hentry","category-6e"],"post_mailing_queue_ids":[],"_links":{"self":[{"href":"https:\/\/agora.xtec.cat\/ceiptorresjonama\/wp-json\/wp\/v2\/posts\/6637","targetHints":{"allow":["GET"]}}],"collection":[{"href":"https:\/\/agora.xtec.cat\/ceiptorresjonama\/wp-json\/wp\/v2\/posts"}],"about":[{"href":"https:\/\/agora.xtec.cat\/ceiptorresjonama\/wp-json\/wp\/v2\/types\/post"}],"author":[{"embeddable":true,"href":"https:\/\/agora.xtec.cat\/ceiptorresjonama\/wp-json\/wp\/v2\/users\/4"}],"replies":[{"embeddable":true,"href":"https:\/\/agora.xtec.cat\/ceiptorresjonama\/wp-json\/wp\/v2\/comments?post=6637"}],"version-history":[{"count":2,"href":"https:\/\/agora.xtec.cat\/ceiptorresjonama\/wp-json\/wp\/v2\/posts\/6637\/revisions"}],"predecessor-version":[{"id":6641,"href":"https:\/\/agora.xtec.cat\/ceiptorresjonama\/wp-json\/wp\/v2\/posts\/6637\/revisions\/6641"}],"wp:featuredmedia":[{"embeddable":true,"href":"https:\/\/agora.xtec.cat\/ceiptorresjonama\/wp-json\/wp\/v2\/media\/6639"}],"wp:attachment":[{"href":"https:\/\/agora.xtec.cat\/ceiptorresjonama\/wp-json\/wp\/v2\/media?parent=6637"}],"wp:term":[{"taxonomy":"category","embeddable":true,"href":"https:\/\/agora.xtec.cat\/ceiptorresjonama\/wp-json\/wp\/v2\/categories?post=6637"},{"taxonomy":"post_tag","embeddable":true,"href":"https:\/\/agora.xtec.cat\/ceiptorresjonama\/wp-json\/wp\/v2\/tags?post=6637"}],"curies":[{"name":"wp","href":"https:\/\/api.w.org\/{rel}","templated":true}]}}