{"id":663,"date":"2016-10-30T18:26:17","date_gmt":"2016-10-30T17:26:17","guid":{"rendered":"https:\/\/torresjonama.wordpress.com\/?p=663"},"modified":"2016-10-30T18:26:17","modified_gmt":"2016-10-30T17:26:17","slug":"la-castanyada","status":"publish","type":"post","link":"https:\/\/agora.xtec.cat\/ceiptorresjonama\/uncategorized\/la-castanyada\/","title":{"rendered":"La Castanyada"},"content":{"rendered":"<p style=\"text-align:justify;\">Benvolgudes fam\u00edlies,<\/p>\n<p style=\"text-align:justify;\">El passat divendres dia 28 d&#8217;octubre, tota l&#8217;escola va celebrar la Castanyada, tal com \u00e9s habitual, berenant castanyes al pati tots junts. Volem compartir amb vosaltres les fotografies d&#8217;aquest dia i desitjar-vos, a la vegada, que acabeu de passar un bon &#8220;cap de setmana tradicional&#8221;. Aix\u00ed mateix, aprofitem per a recordar-vos que l&#8217;escola dem\u00e0 (i dimarts dia 1) romandr\u00e0 tancada.<\/p>\n<p style=\"text-align:justify;\">Per tal de d&#8217;accedir a l&#8217;\u00e0lbum heu de &#8220;clicar&#8221; sobre aquesta fotografia (n&#8217;hi anirem afegint m\u00e9s):<\/p>\n<p style=\"text-align:justify;\"><a href=\"https:\/\/goo.gl\/photos\/SXPsg3QGj2dVff7Z8\"><img loading=\"lazy\" decoding=\"async\" class=\"alignnone size-full wp-image-667\" src=\"https:\/\/agora.xtec.cat\/ceiptorresjonama\/wp-content\/uploads\/usu279\/2016\/10\/img_8879.jpg\" alt=\"img_8879\" width=\"1328\" height=\"747\" srcset=\"https:\/\/agora.xtec.cat\/ceiptorresjonama\/wp-content\/uploads\/usu279\/2016\/10\/img_8879.jpg 1328w, https:\/\/agora.xtec.cat\/ceiptorresjonama\/wp-content\/uploads\/usu279\/2016\/10\/img_8879-300x169.jpg 300w, https:\/\/agora.xtec.cat\/ceiptorresjonama\/wp-content\/uploads\/usu279\/2016\/10\/img_8879-768x432.jpg 768w, https:\/\/agora.xtec.cat\/ceiptorresjonama\/wp-content\/uploads\/usu279\/2016\/10\/img_8879-1024x576.jpg 1024w\" sizes=\"auto, (max-width: 1328px) 100vw, 1328px\" \/><\/a><\/p>\n<p style=\"text-align:justify;\">\n","protected":false},"excerpt":{"rendered":"<p>Benvolgudes fam\u00edlies,<br \/>\nEl passat divendres dia 28 d&#8217;octubre, tota l&#8217;escola va celebrar la Castanyada, tal com \u00e9s habitual, berenant castanyes al pati tots junts. Volem compartir amb vosaltres les fotografies d&#8217;aquest dia i desitjar-vos, a la vegada, que acabeu de passar un bon &#8220;cap de setmana&hellip;  <a href=\"https:\/\/agora.xtec.cat\/ceiptorresjonama\/uncategorized\/la-castanyada\/\" title=\"Read La Castanyada\">Llegeix m\u00e9s\u00bb<\/a><\/p>\n","protected":false},"author":1,"featured_media":0,"comment_status":"closed","ping_status":"closed","sticky":false,"template":"","format":"standard","meta":{"_bbp_topic_count":0,"_bbp_reply_count":0,"_bbp_total_topic_count":0,"_bbp_total_reply_count":0,"_bbp_voice_count":0,"_bbp_anonymous_reply_count":0,"_bbp_topic_count_hidden":0,"_bbp_reply_count_hidden":0,"_bbp_forum_subforum_count":0,"footnotes":""},"categories":[60],"tags":[],"class_list":["post-663","post","type-post","status-publish","format-standard","hentry","category-uncategorized"],"post_mailing_queue_ids":[],"_links":{"self":[{"href":"https:\/\/agora.xtec.cat\/ceiptorresjonama\/wp-json\/wp\/v2\/posts\/663","targetHints":{"allow":["GET"]}}],"collection":[{"href":"https:\/\/agora.xtec.cat\/ceiptorresjonama\/wp-json\/wp\/v2\/posts"}],"about":[{"href":"https:\/\/agora.xtec.cat\/ceiptorresjonama\/wp-json\/wp\/v2\/types\/post"}],"author":[{"embeddable":true,"href":"https:\/\/agora.xtec.cat\/ceiptorresjonama\/wp-json\/wp\/v2\/users\/1"}],"replies":[{"embeddable":true,"href":"https:\/\/agora.xtec.cat\/ceiptorresjonama\/wp-json\/wp\/v2\/comments?post=663"}],"version-history":[{"count":0,"href":"https:\/\/agora.xtec.cat\/ceiptorresjonama\/wp-json\/wp\/v2\/posts\/663\/revisions"}],"wp:attachment":[{"href":"https:\/\/agora.xtec.cat\/ceiptorresjonama\/wp-json\/wp\/v2\/media?parent=663"}],"wp:term":[{"taxonomy":"category","embeddable":true,"href":"https:\/\/agora.xtec.cat\/ceiptorresjonama\/wp-json\/wp\/v2\/categories?post=663"},{"taxonomy":"post_tag","embeddable":true,"href":"https:\/\/agora.xtec.cat\/ceiptorresjonama\/wp-json\/wp\/v2\/tags?post=663"}],"curies":[{"name":"wp","href":"https:\/\/api.w.org\/{rel}","templated":true}]}}