{"id":6389,"date":"2021-06-16T14:09:42","date_gmt":"2021-06-16T12:09:42","guid":{"rendered":"https:\/\/agora.xtec.cat\/ceiptorresjonama\/?p=6389"},"modified":"2021-07-27T11:07:25","modified_gmt":"2021-07-27T09:07:25","slug":"programa-de-proteccio-solar","status":"publish","type":"post","link":"https:\/\/agora.xtec.cat\/ceiptorresjonama\/primaria\/6e\/programa-de-proteccio-solar\/","title":{"rendered":"Programa de protecci\u00f3 solar"},"content":{"rendered":"<p>Els alumnes de 4t i 5\u00e8 han participat a la campanya de protecci\u00f3 solar d&#8217;Isdin.<\/p>\n<p>El passat dia 4 de juny vam rebre la visita de la farmac\u00e8utica de Mont-ras Begonya Montalban que ens va explicar com ens hem de protegir del sol aquest estiu.<\/p>\n<p>Clica la imatge de l&#8217;esquerra i veur\u00e0s m\u00e9s fotos.<\/p>\n<p><a href=\"https:\/\/photos.app.goo.gl\/aqTVqjnv4hLyxAWR7\" target=\"_blank\" rel=\"noopener noreferrer\"><img loading=\"lazy\" decoding=\"async\" class=\"alignleft wp-image-6391\" src=\"https:\/\/agora.xtec.cat\/ceiptorresjonama\/wp-content\/uploads\/usu279\/2021\/06\/isdin.jpg\" alt=\"\" width=\"291\" height=\"218\" srcset=\"https:\/\/agora.xtec.cat\/ceiptorresjonama\/wp-content\/uploads\/usu279\/2021\/06\/isdin.jpg 2048w, https:\/\/agora.xtec.cat\/ceiptorresjonama\/wp-content\/uploads\/usu279\/2021\/06\/isdin-300x225.jpg 300w, https:\/\/agora.xtec.cat\/ceiptorresjonama\/wp-content\/uploads\/usu279\/2021\/06\/isdin-768x576.jpg 768w, https:\/\/agora.xtec.cat\/ceiptorresjonama\/wp-content\/uploads\/usu279\/2021\/06\/isdin-1024x768.jpg 1024w, https:\/\/agora.xtec.cat\/ceiptorresjonama\/wp-content\/uploads\/usu279\/2021\/06\/isdin-200x150.jpg 200w\" sizes=\"auto, (max-width: 291px) 100vw, 291px\" \/><\/a> <a href=\"https:\/\/agora.xtec.cat\/ceiptorresjonama\/wp-content\/uploads\/usu279\/2021\/06\/isdin1.jpg\"><img loading=\"lazy\" decoding=\"async\" class=\"alignleft wp-image-6392\" src=\"https:\/\/agora.xtec.cat\/ceiptorresjonama\/wp-content\/uploads\/usu279\/2021\/06\/isdin1.jpg\" alt=\"\" width=\"291\" height=\"219\" srcset=\"https:\/\/agora.xtec.cat\/ceiptorresjonama\/wp-content\/uploads\/usu279\/2021\/06\/isdin1.jpg 2048w, https:\/\/agora.xtec.cat\/ceiptorresjonama\/wp-content\/uploads\/usu279\/2021\/06\/isdin1-300x225.jpg 300w, https:\/\/agora.xtec.cat\/ceiptorresjonama\/wp-content\/uploads\/usu279\/2021\/06\/isdin1-768x576.jpg 768w, https:\/\/agora.xtec.cat\/ceiptorresjonama\/wp-content\/uploads\/usu279\/2021\/06\/isdin1-1024x768.jpg 1024w, https:\/\/agora.xtec.cat\/ceiptorresjonama\/wp-content\/uploads\/usu279\/2021\/06\/isdin1-200x150.jpg 200w\" sizes=\"auto, (max-width: 291px) 100vw, 291px\" \/><\/a><\/p>\n","protected":false},"excerpt":{"rendered":"<p>Els alumnes de 4t i 5\u00e8 han participat a la campanya de protecci\u00f3 solar d&#8217;Isdin.<br \/>\nEl passat dia 4 de juny vam rebre la visita de la farmac\u00e8utica de Mont-ras Begonya Montalban que ens va explicar com ens hem de protegir del sol aquest estiu.<br \/>\nClica la&hellip;  <a href=\"https:\/\/agora.xtec.cat\/ceiptorresjonama\/primaria\/6e\/programa-de-proteccio-solar\/\" title=\"Read Programa de protecci\u00f3 solar\">Llegeix m\u00e9s\u00bb<\/a><\/p>\n","protected":false},"author":4,"featured_media":6391,"comment_status":"closed","ping_status":"closed","sticky":false,"template":"","format":"standard","meta":{"_bbp_topic_count":0,"_bbp_reply_count":0,"_bbp_total_topic_count":0,"_bbp_total_reply_count":0,"_bbp_voice_count":0,"_bbp_anonymous_reply_count":0,"_bbp_topic_count_hidden":0,"_bbp_reply_count_hidden":0,"_bbp_forum_subforum_count":0,"footnotes":""},"categories":[13,14],"tags":[],"class_list":["post-6389","post","type-post","status-publish","format-standard","has-post-thumbnail","hentry","category-6e","category-6e-22-23"],"post_mailing_queue_ids":[],"_links":{"self":[{"href":"https:\/\/agora.xtec.cat\/ceiptorresjonama\/wp-json\/wp\/v2\/posts\/6389","targetHints":{"allow":["GET"]}}],"collection":[{"href":"https:\/\/agora.xtec.cat\/ceiptorresjonama\/wp-json\/wp\/v2\/posts"}],"about":[{"href":"https:\/\/agora.xtec.cat\/ceiptorresjonama\/wp-json\/wp\/v2\/types\/post"}],"author":[{"embeddable":true,"href":"https:\/\/agora.xtec.cat\/ceiptorresjonama\/wp-json\/wp\/v2\/users\/4"}],"replies":[{"embeddable":true,"href":"https:\/\/agora.xtec.cat\/ceiptorresjonama\/wp-json\/wp\/v2\/comments?post=6389"}],"version-history":[{"count":3,"href":"https:\/\/agora.xtec.cat\/ceiptorresjonama\/wp-json\/wp\/v2\/posts\/6389\/revisions"}],"predecessor-version":[{"id":6396,"href":"https:\/\/agora.xtec.cat\/ceiptorresjonama\/wp-json\/wp\/v2\/posts\/6389\/revisions\/6396"}],"wp:featuredmedia":[{"embeddable":true,"href":"https:\/\/agora.xtec.cat\/ceiptorresjonama\/wp-json\/wp\/v2\/media\/6391"}],"wp:attachment":[{"href":"https:\/\/agora.xtec.cat\/ceiptorresjonama\/wp-json\/wp\/v2\/media?parent=6389"}],"wp:term":[{"taxonomy":"category","embeddable":true,"href":"https:\/\/agora.xtec.cat\/ceiptorresjonama\/wp-json\/wp\/v2\/categories?post=6389"},{"taxonomy":"post_tag","embeddable":true,"href":"https:\/\/agora.xtec.cat\/ceiptorresjonama\/wp-json\/wp\/v2\/tags?post=6389"}],"curies":[{"name":"wp","href":"https:\/\/api.w.org\/{rel}","templated":true}]}}