{"id":6336,"date":"2021-06-03T12:43:18","date_gmt":"2021-06-03T10:43:18","guid":{"rendered":"https:\/\/agora.xtec.cat\/ceiptorresjonama\/?p=6336"},"modified":"2021-07-27T11:05:25","modified_gmt":"2021-07-27T09:05:25","slug":"setmana-de-la-natura","status":"publish","type":"post","link":"https:\/\/agora.xtec.cat\/ceiptorresjonama\/general\/setmana-de-la-natura\/","title":{"rendered":"SETMANA DE LA NATURA"},"content":{"rendered":"<p style=\"text-align: left;\">Aquesta setmana hem participat a l&#8217;APARADOR D&#8217;EXPERI\u00c8NCIES de totes les escoles verdes de la prov\u00edncia de Girona.<\/p>\n<p>Els nens i nenes de 6\u00e8 hem assistit a la xerrada de l&#8217;expert Lloren\u00e7 Planagum\u00e0 i Adelina Geyer &#8220;Qu\u00e8 en sabem dels volcans gironins?&#8221;.\u00a0Les nenes i nens de 3r hem assistit a la xerrada de l&#8217;expert Joan Manel Riera &#8220;Reconnectar amb la natura&#8221; i una experi\u00e8ncia de l&#8217;Escola Moss\u00e8n Joan Batlle de Blanes &#8220;Micropl\u00e0tics Watchers&#8221;. Els nens i nenes de 2n hem assistit a l&#8217;experi\u00e8ncia del Petit Montgr\u00ed de Torroella de Montgr\u00ed &#8221; Montgr\u00ed Challenge. El moviment per la natura&#8221;.<\/p>\n<p>Els i les alumnes de 3r hem preparat una acci\u00f3 que hem presentat a la setmana de la natura &#8220;Les Gavarres i la pedrera de Morena&#8221;. Esperem que us agradi!<\/p>\n<p style=\"text-align: center;\">\u00a0<iframe loading=\"lazy\" src=\"\/\/www.youtube.com\/embed\/GNb5ltg8gZ8\" width=\"560\" height=\"314\"><\/iframe><\/p>\n<p style=\"text-align: center;\"><a href=\"https:\/\/photos.app.goo.gl\/j56xTFqKTcC4FvdY7\"><span style=\"color: #000000;\">( podeu accedir a l&#8217;\u00e0lbum fent clic a la foto)<\/span><br \/>\n<img loading=\"lazy\" decoding=\"async\" class=\"size-full wp-image-6337 aligncenter\" src=\"https:\/\/agora.xtec.cat\/ceiptorresjonama\/wp-content\/uploads\/usu279\/2021\/06\/IMG_7033.jpg\" alt=\"\" width=\"640\" height=\"480\" srcset=\"https:\/\/agora.xtec.cat\/ceiptorresjonama\/wp-content\/uploads\/usu279\/2021\/06\/IMG_7033.jpg 640w, https:\/\/agora.xtec.cat\/ceiptorresjonama\/wp-content\/uploads\/usu279\/2021\/06\/IMG_7033-300x225.jpg 300w, https:\/\/agora.xtec.cat\/ceiptorresjonama\/wp-content\/uploads\/usu279\/2021\/06\/IMG_7033-200x150.jpg 200w\" sizes=\"auto, (max-width: 640px) 100vw, 640px\" \/><\/a><\/p>\n","protected":false},"excerpt":{"rendered":"<p>Aquesta setmana hem participat a l&#8217;APARADOR D&#8217;EXPERI\u00c8NCIES de totes les escoles verdes de la prov\u00edncia de Girona.<br \/>\nEls nens i nenes de 6\u00e8 hem assistit a la xerrada de l&#8217;expert Lloren\u00e7 Planagum\u00e0 i Adelina Geyer &#8220;Qu\u00e8 en sabem dels volcans gironins?&#8221;.\u00a0Les nenes i nens de 3r&hellip;  <a href=\"https:\/\/agora.xtec.cat\/ceiptorresjonama\/general\/setmana-de-la-natura\/\" title=\"Read SETMANA DE LA NATURA\">Llegeix m\u00e9s\u00bb<\/a><\/p>\n","protected":false},"author":4,"featured_media":6337,"comment_status":"closed","ping_status":"closed","sticky":false,"template":"","format":"standard","meta":{"_bbp_topic_count":0,"_bbp_reply_count":0,"_bbp_total_topic_count":0,"_bbp_total_reply_count":0,"_bbp_voice_count":0,"_bbp_anonymous_reply_count":0,"_bbp_topic_count_hidden":0,"_bbp_reply_count_hidden":0,"_bbp_forum_subforum_count":0,"footnotes":""},"categories":[12,1],"tags":[],"class_list":["post-6336","post","type-post","status-publish","format-standard","has-post-thumbnail","hentry","category-5e","category-general"],"post_mailing_queue_ids":[],"_links":{"self":[{"href":"https:\/\/agora.xtec.cat\/ceiptorresjonama\/wp-json\/wp\/v2\/posts\/6336","targetHints":{"allow":["GET"]}}],"collection":[{"href":"https:\/\/agora.xtec.cat\/ceiptorresjonama\/wp-json\/wp\/v2\/posts"}],"about":[{"href":"https:\/\/agora.xtec.cat\/ceiptorresjonama\/wp-json\/wp\/v2\/types\/post"}],"author":[{"embeddable":true,"href":"https:\/\/agora.xtec.cat\/ceiptorresjonama\/wp-json\/wp\/v2\/users\/4"}],"replies":[{"embeddable":true,"href":"https:\/\/agora.xtec.cat\/ceiptorresjonama\/wp-json\/wp\/v2\/comments?post=6336"}],"version-history":[{"count":3,"href":"https:\/\/agora.xtec.cat\/ceiptorresjonama\/wp-json\/wp\/v2\/posts\/6336\/revisions"}],"predecessor-version":[{"id":6451,"href":"https:\/\/agora.xtec.cat\/ceiptorresjonama\/wp-json\/wp\/v2\/posts\/6336\/revisions\/6451"}],"wp:featuredmedia":[{"embeddable":true,"href":"https:\/\/agora.xtec.cat\/ceiptorresjonama\/wp-json\/wp\/v2\/media\/6337"}],"wp:attachment":[{"href":"https:\/\/agora.xtec.cat\/ceiptorresjonama\/wp-json\/wp\/v2\/media?parent=6336"}],"wp:term":[{"taxonomy":"category","embeddable":true,"href":"https:\/\/agora.xtec.cat\/ceiptorresjonama\/wp-json\/wp\/v2\/categories?post=6336"},{"taxonomy":"post_tag","embeddable":true,"href":"https:\/\/agora.xtec.cat\/ceiptorresjonama\/wp-json\/wp\/v2\/tags?post=6336"}],"curies":[{"name":"wp","href":"https:\/\/api.w.org\/{rel}","templated":true}]}}